{"id":316,"date":"2024-11-12T05:40:00","date_gmt":"2024-11-12T04:40:00","guid":{"rendered":""},"modified":"2024-11-12T14:38:53","modified_gmt":"2024-11-12T13:38:53","slug":"intitolazione-di-malpensa-berlusconi","status":"publish","type":"post","link":"https:\/\/ilsovranista.com\/?p=316","title":{"rendered":"Intitolazione di Malpensa a Berlusconi, Vannacci (Lega): la sinistra al caviale perde pure oggi"},"content":{"rendered":"<p><span style=\"font-family: arial;\"><\/p>\n<div class=\"separator\" style=\"clear: both; text-align: center;\"><a href=\"https:\/\/blogger.googleusercontent.com\/img\/b\/R29vZ2xl\/AVvXsEiNlcoIorOZhXYIaSZXPt40mR3mdVbt3YVNbtRhlCDaV_8OatzWx8xMeb-mf7L4i6dZ48vQlv60TMjaueeu82czZorMz4DklhQfSF8AniRcfOKsjeMtrhKz37KkbRP1-YeiaPXYAQpCn5Uz3EbaIcZTRDqu5OCaeAUnHMpFlvziLwgXJnlZTWltVgHJsr3r\/s212\/vannacci.jpg\" imageanchor=\"1\" style=\"clear: left; float: left; margin-bottom: 1em; margin-right: 1em;\"><img decoding=\"async\" border=\"0\" data-original-height=\"144\" data-original-width=\"212\" height=\"144\" src=\"https:\/\/prova.ilsovranista.com\/wp-content\/uploads\/2024\/11\/vannacci.jpg\" class=\"wp-image-317\" width=\"212\" \/><\/a><\/div>\n<p> \u201cIl mondo della sinistra al caviale perde anche oggi\u201d. Lo scrive su Facebook il generale <b>Roberto Vannacci<\/b>, eurodeputato della Lega, commentando la decisione del Tar, che ha respinto la richiesta di sospensiva per l\u2019intitolazione dell\u2019aeroporto di Malpensa a Silvio Berlusconi.<\/span><br \/><span style=\"font-family: arial;\">\u201cChe vergogna, pena e sconforto provo, precisa Vannacci, per il Comune di Milano che, evidentemente, non ha problemi pi\u00f9 seri da affrontare. Non pensa ai lavoratori, al traffico impazzito grazie alle follie green, al costo della vita e agli affitti esorbitanti, alla delinquenza e criminalit\u00e0, alle borseggiatrici del metr\u00f2, agli scippatori della Stazione Centrale ma dedica tempo, avvocati e denaro per ricorrere contro l\u2019intitolazione di Malpensa a un pi\u00f9 volte presidente del Consiglio italiano (Silvio Berlusconi, ndr) nonch\u00e9 famosissimo imprenditore. Se continuate cos\u00ec la destra governer\u00e0 per i prossimi secoli\u201d<\/span><\/p>\n","protected":false},"excerpt":{"rendered":"<p>\u201cIl mondo della sinistra al caviale perde anche oggi\u201d. Lo scrive su Facebook il generale Roberto Vannacci, eurodeputato della Lega, commentando la decisione del Tar, che ha respinto la richiesta di sospensiva per l\u2019intitolazione dell\u2019aeroporto di Malpensa a Silvio Berlusconi.\u201cChe vergogna, pena e sconforto provo, precisa Vannacci, per il Comune di Milano che, evidentemente, non [&hellip;]<\/p>\n","protected":false},"author":2,"featured_media":317,"comment_status":"open","ping_status":"closed","sticky":false,"template":"","format":"standard","meta":{"om_disable_all_campaigns":false,"_monsterinsights_skip_tracking":false,"_monsterinsights_sitenote_active":false,"_monsterinsights_sitenote_note":"","_monsterinsights_sitenote_category":0,"_uf_show_specific_survey":0,"_uf_disable_surveys":false,"footnotes":""},"categories":[33],"tags":[31],"class_list":{"0":"post-316","1":"post","2":"type-post","3":"status-publish","4":"format-standard","5":"has-post-thumbnail","7":"category-politica","8":"tag-politica"},"aioseo_notices":[],"_links":{"self":[{"href":"https:\/\/ilsovranista.com\/index.php?rest_route=\/wp\/v2\/posts\/316","targetHints":{"allow":["GET"]}}],"collection":[{"href":"https:\/\/ilsovranista.com\/index.php?rest_route=\/wp\/v2\/posts"}],"about":[{"href":"https:\/\/ilsovranista.com\/index.php?rest_route=\/wp\/v2\/types\/post"}],"author":[{"embeddable":true,"href":"https:\/\/ilsovranista.com\/index.php?rest_route=\/wp\/v2\/users\/2"}],"replies":[{"embeddable":true,"href":"https:\/\/ilsovranista.com\/index.php?rest_route=%2Fwp%2Fv2%2Fcomments&post=316"}],"version-history":[{"count":1,"href":"https:\/\/ilsovranista.com\/index.php?rest_route=\/wp\/v2\/posts\/316\/revisions"}],"predecessor-version":[{"id":352,"href":"https:\/\/ilsovranista.com\/index.php?rest_route=\/wp\/v2\/posts\/316\/revisions\/352"}],"wp:featuredmedia":[{"embeddable":true,"href":"https:\/\/ilsovranista.com\/index.php?rest_route=\/wp\/v2\/media\/317"}],"wp:attachment":[{"href":"https:\/\/ilsovranista.com\/index.php?rest_route=%2Fwp%2Fv2%2Fmedia&parent=316"}],"wp:term":[{"taxonomy":"category","embeddable":true,"href":"https:\/\/ilsovranista.com\/index.php?rest_route=%2Fwp%2Fv2%2Fcategories&post=316"},{"taxonomy":"post_tag","embeddable":true,"href":"https:\/\/ilsovranista.com\/index.php?rest_route=%2Fwp%2Fv2%2Ftags&post=316"}],"curies":[{"name":"wp","href":"https:\/\/api.w.org\/{rel}","templated":true}]}}