{"id":3129,"date":"2025-05-02T10:25:25","date_gmt":"2025-05-02T08:25:25","guid":{"rendered":"https:\/\/ilsovranista.com\/?p=3129"},"modified":"2025-05-02T10:26:29","modified_gmt":"2025-05-02T08:26:29","slug":"torino-comparsi-manifesti-in-memoria-di-giuseppe-solaro-ultimo-federale-della-rsi","status":"publish","type":"post","link":"https:\/\/ilsovranista.com\/?p=3129","title":{"rendered":"Torino,  comparsi manifesti in memoria di Giuseppe Solaro, ultimo federale della Rsi"},"content":{"rendered":"<p>Torino, manifesti notturni in memoria di Giuseppe Solaro: un gesto silenzioso per ricordare l\u2019ultimo Federale. Cosi mi scrive Giuseppe, amico napoletano, in vacanza a Torino, lettore del blog.<\/p>\n<p>Nelle notti scorse, in diverse zone di Torino, sono apparsi manifesti commemorativi dedicati a Giuseppe Solaro, ultimo Federale del capoluogo piemontese durante la Repubblica Sociale Italiana. L\u2019azione, non rivendicata ma evidentemente promossa da militanti legati a un&#8217;area culturale di destra, ha voluto rendere omaggio a una figura ancora viva nel cuore di chi ne custodisce il ricordo.<\/p>\n<p>I manifesti riportano le parole commoventi della lettera scritta da Solaro alla moglie poco prima della sua esecuzione, il 29 aprile 1945. Un addio carico di dignit\u00e0, coraggio e umanit\u00e0, che restituisce il ritratto di un uomo consapevole del proprio destino, ma saldo nelle sue convinzioni fino all\u2019ultimo istante.<\/p>\n<p>Giuseppe Solaro: una vita al servizio dell\u2019Italia<\/p>\n<p>Nato a Torino nel 1914, Giuseppe Solaro si form\u00f2 nelle scuole della citt\u00e0 e si laure\u00f2 in Economia all\u2019Universit\u00e0. Fin da giovane, mostr\u00f2 una spiccata sensibilit\u00e0 politica e un forte senso del dovere verso la Nazione. La sua militanza lo port\u00f2 a distinguersi per seriet\u00e0, disciplina e spirito di sacrificio, doti che lo resero presto uno dei quadri pi\u00f9 apprezzati nel Partito Fascista Repubblicano.<\/p>\n<p>Nel 1944 fu nominato Federale di Torino, assumendo la guida della citt\u00e0 in uno dei momenti pi\u00f9 difficili della sua storia, segnato dai bombardamenti, dalle divisioni interne e dal crescente clima di tensione sociale. In quella veste, Solaro si impegn\u00f2 per mantenere ordine e coesione, tentando di preservare la dignit\u00e0 delle istituzioni e della popolazione in un contesto ormai al collasso. Un esempio di fermezza e umanit\u00e0. Giuseppe Solaro affront\u00f2 la prigionia e la condanna con animo fermo. Rifiut\u00f2 la fuga e scelse di rimanere al proprio posto, fedele fino all\u2019ultimo ai suoi ideali. La lettera indirizzata alla moglie, scritta poco prima della sua esecuzione, \u00e8 ancora oggi letta da molti come una testimonianza di straordinaria nobilt\u00e0 d\u2019animo. In quelle righe, Solaro non chiede vendetta, non maledice nessuno, ma affida alla storia e all&#8217;amore della sua famiglia il significato della sua scelta.<\/p>\n<p>Un ricordo che vive nel tempo<\/p>\n<p>A ottant\u2019anni dalla fine della guerra, la memoria di Giuseppe Solaro continua ad essere custodita da chi lo considera un esempio di lealt\u00e0, senso del dovere e sacrificio. L\u2019iniziativa notturna a Torino, silenziosa ma carica di significato, testimonia che certi nomi, certe storie, continuano a parlare al cuore di molti italiani.<\/p>\n<p>&nbsp;<\/p>\n","protected":false},"excerpt":{"rendered":"<p>Torino, manifesti notturni in memoria di Giuseppe Solaro: un gesto silenzioso per ricordare l\u2019ultimo Federale. Cosi mi scrive Giuseppe, amico napoletano, in vacanza a Torino, lettore del blog. Nelle notti scorse, in diverse zone di Torino, sono apparsi manifesti commemorativi dedicati a Giuseppe Solaro, ultimo Federale del capoluogo piemontese durante la Repubblica Sociale Italiana. L\u2019azione, [&hellip;]<\/p>\n","protected":false},"author":3,"featured_media":3130,"comment_status":"open","ping_status":"closed","sticky":false,"template":"","format":"standard","meta":{"om_disable_all_campaigns":false,"_monsterinsights_skip_tracking":false,"_monsterinsights_sitenote_active":false,"_monsterinsights_sitenote_note":"","_monsterinsights_sitenote_category":0,"_uf_show_specific_survey":0,"_uf_disable_surveys":false,"footnotes":""},"categories":[36],"tags":[],"class_list":{"0":"post-3129","1":"post","2":"type-post","3":"status-publish","4":"format-standard","5":"has-post-thumbnail","7":"category-prima-i-territori"},"aioseo_notices":[],"_links":{"self":[{"href":"https:\/\/ilsovranista.com\/index.php?rest_route=\/wp\/v2\/posts\/3129","targetHints":{"allow":["GET"]}}],"collection":[{"href":"https:\/\/ilsovranista.com\/index.php?rest_route=\/wp\/v2\/posts"}],"about":[{"href":"https:\/\/ilsovranista.com\/index.php?rest_route=\/wp\/v2\/types\/post"}],"author":[{"embeddable":true,"href":"https:\/\/ilsovranista.com\/index.php?rest_route=\/wp\/v2\/users\/3"}],"replies":[{"embeddable":true,"href":"https:\/\/ilsovranista.com\/index.php?rest_route=%2Fwp%2Fv2%2Fcomments&post=3129"}],"version-history":[{"count":1,"href":"https:\/\/ilsovranista.com\/index.php?rest_route=\/wp\/v2\/posts\/3129\/revisions"}],"predecessor-version":[{"id":3131,"href":"https:\/\/ilsovranista.com\/index.php?rest_route=\/wp\/v2\/posts\/3129\/revisions\/3131"}],"wp:featuredmedia":[{"embeddable":true,"href":"https:\/\/ilsovranista.com\/index.php?rest_route=\/wp\/v2\/media\/3130"}],"wp:attachment":[{"href":"https:\/\/ilsovranista.com\/index.php?rest_route=%2Fwp%2Fv2%2Fmedia&parent=3129"}],"wp:term":[{"taxonomy":"category","embeddable":true,"href":"https:\/\/ilsovranista.com\/index.php?rest_route=%2Fwp%2Fv2%2Fcategories&post=3129"},{"taxonomy":"post_tag","embeddable":true,"href":"https:\/\/ilsovranista.com\/index.php?rest_route=%2Fwp%2Fv2%2Ftags&post=3129"}],"curies":[{"name":"wp","href":"https:\/\/api.w.org\/{rel}","templated":true}]}}