{"id":3124,"date":"2025-04-29T22:26:47","date_gmt":"2025-04-29T20:26:47","guid":{"rendered":"https:\/\/ilsovranista.com\/?p=3124"},"modified":"2025-04-29T22:26:47","modified_gmt":"2025-04-29T20:26:47","slug":"commemorazione-di-ramelli-urso-abbiamo-il-dovere-di-ricordare","status":"publish","type":"post","link":"https:\/\/ilsovranista.com\/?p=3124","title":{"rendered":"Commemorazione di Ramelli, Urso: \u201cAbbiamo il dovere di ricordare\u201d"},"content":{"rendered":"<p><span class=\"css-1jxf684 r-bcqeeo r-1ttztb7 r-qvutc0 r-poiln3\">&#8220;Cinquanta anni fa, la giovane vita di<strong> Sergio <\/strong><\/span><strong><span class=\"r-18u37iz\">Ramelli<\/span><\/strong><span class=\"css-1jxf684 r-bcqeeo r-1ttztb7 r-qvutc0 r-poiln3\"> veniva tragicamente spezzata dalla violenza degli anni di piombo, alimentata da un odio ideologico che si erse a barbarie. Oggi, pi\u00f9 che mai, abbiamo il dovere di ricordare per evitare che la storia si ripeta in un mondo in cui il conflitto \u00e8 tornato anche in Europa. Per onorare la sua memoria, il 13 marzo 2025 \u00e8 stato emesso un francobollo commemorativo, parte di una serie che celebra tutte le vittime del terrorismo, senza distinzioni di parte. Un gesto simbolico che testimonia il nostro impegno a non dimenticare per costruire un futuro fondato sulla memoria condivisa, sul ripudio di ogni violenza e sul rispetto reciproco.<\/span><\/p>\n<p>Lo scrive sui suoi canali social\u00a0<strong>Adolfo Urso,\u00a0<\/strong>ministro delle Imprese e del Made in Italy, esponente di spicco di\u00a0<strong>Fratelli d&#8217;Italia\u00a0<\/strong><\/p>\n","protected":false},"excerpt":{"rendered":"<p>&#8220;Cinquanta anni fa, la giovane vita di Sergio Ramelli veniva tragicamente spezzata dalla violenza degli anni di piombo, alimentata da un odio ideologico che si erse a barbarie. Oggi, pi\u00f9 che mai, abbiamo il dovere di ricordare per evitare che la storia si ripeta in un mondo in cui il conflitto \u00e8 tornato anche in [&hellip;]<\/p>\n","protected":false},"author":3,"featured_media":3125,"comment_status":"open","ping_status":"closed","sticky":false,"template":"","format":"standard","meta":{"om_disable_all_campaigns":false,"_monsterinsights_skip_tracking":false,"_monsterinsights_sitenote_active":false,"_monsterinsights_sitenote_note":"","_monsterinsights_sitenote_category":0,"_uf_show_specific_survey":0,"_uf_disable_surveys":false,"footnotes":""},"categories":[33],"tags":[],"class_list":{"0":"post-3124","1":"post","2":"type-post","3":"status-publish","4":"format-standard","5":"has-post-thumbnail","7":"category-politica"},"aioseo_notices":[],"_links":{"self":[{"href":"https:\/\/ilsovranista.com\/index.php?rest_route=\/wp\/v2\/posts\/3124","targetHints":{"allow":["GET"]}}],"collection":[{"href":"https:\/\/ilsovranista.com\/index.php?rest_route=\/wp\/v2\/posts"}],"about":[{"href":"https:\/\/ilsovranista.com\/index.php?rest_route=\/wp\/v2\/types\/post"}],"author":[{"embeddable":true,"href":"https:\/\/ilsovranista.com\/index.php?rest_route=\/wp\/v2\/users\/3"}],"replies":[{"embeddable":true,"href":"https:\/\/ilsovranista.com\/index.php?rest_route=%2Fwp%2Fv2%2Fcomments&post=3124"}],"version-history":[{"count":1,"href":"https:\/\/ilsovranista.com\/index.php?rest_route=\/wp\/v2\/posts\/3124\/revisions"}],"predecessor-version":[{"id":3126,"href":"https:\/\/ilsovranista.com\/index.php?rest_route=\/wp\/v2\/posts\/3124\/revisions\/3126"}],"wp:featuredmedia":[{"embeddable":true,"href":"https:\/\/ilsovranista.com\/index.php?rest_route=\/wp\/v2\/media\/3125"}],"wp:attachment":[{"href":"https:\/\/ilsovranista.com\/index.php?rest_route=%2Fwp%2Fv2%2Fmedia&parent=3124"}],"wp:term":[{"taxonomy":"category","embeddable":true,"href":"https:\/\/ilsovranista.com\/index.php?rest_route=%2Fwp%2Fv2%2Fcategories&post=3124"},{"taxonomy":"post_tag","embeddable":true,"href":"https:\/\/ilsovranista.com\/index.php?rest_route=%2Fwp%2Fv2%2Ftags&post=3124"}],"curies":[{"name":"wp","href":"https:\/\/api.w.org\/{rel}","templated":true}]}}