{"id":3117,"date":"2025-04-29T22:12:06","date_gmt":"2025-04-29T20:12:06","guid":{"rendered":"https:\/\/ilsovranista.com\/?p=3117"},"modified":"2025-04-29T22:19:19","modified_gmt":"2025-04-29T20:19:19","slug":"bra-tuesday-29-april-2025-0947-bra-fratelli-ditalia-chiede-una-via-o-una-piazza-intitolata-a-sergio-ramelli","status":"publish","type":"post","link":"https:\/\/ilsovranista.com\/?p=3117","title":{"rendered":"Bra, Fratelli d&#8217;Italia chiede una via o una piazza intitolata a Sergio Ramelli"},"content":{"rendered":"<div>Una mozione per intitolare un parco o una via di <strong>Bra<\/strong> a <strong>Sergio Ramelli<\/strong>. L\u2019ha presentata <strong>Carlo Patria<\/strong>, capogruppo di Fratelli d\u2019Italia in Consiglio comunale. Lo studente milanese, diciottenne all\u2019epoca dei fatti, militante del Movimento Sociale Italiano, fu aggredito a Milano il 13 marzo 1975 da rappresentanti della sinistra extraparlamentare legati ad Avanguardia Operaia: a causa dei traumi riportati, mor\u00ec il 29 aprile dello stesso anno. La figura di Ramelli, a Bra, \u00e8 stata ricordata anche con un evento organizzato lo scorso 7 marzo.<\/div>\n<div><\/div>\n<div>\u201c<em>La sua uccisione, avvenuta per motivi legati al clima di odio politico di quegli anni, rappresenta un episodio tragico della nostra storia contemporanea e costituisce un monito contro ogni forma di violenza e intolleranza<\/em>\u201d, scrive Patria, che sottolinea \u201c<em>l\u2019importanza di ricordare questo tragico episodio affinch\u00e9 sia chiaro, soprattutto ai pi\u00f9 giovani, che la violenza non pu\u00f2 essere mai considerata uno strumento di lotta poltica<\/em>\u201d.<\/div>\n<div><\/div>\n<div>La mozione impegna il Sindaco e la Giunta comunale a \u201c<em>individuare un parco, una via o una piazza nel territorio comunale da intitolare alla memoria di Sergio Ramelli<\/em>\u201d, invitando inoltre l\u2019amministrazione comunale a organizzare, in occasione della futura intitolazione, \u201c<em>un momento pubblico di riflessione aperto a tutta la cittadinanza, coinvolgendo scuole, associazioni e realt\u00e0 locali, per sensibilizzare le nuove generazioni sui temi della violenza politica, della democrazia e della tolleranza<\/em>\u201d. Il consigliere comunale di Fratelli d\u2019Italia chiede che sulla targa sia riportata la seguente dicitura: &#8220;<em>In memoria di Sergio Ramelli, giovane vittima della violenza politica, affinch\u00e9 simili tragedie non si ripetano. A monito contro ogni forma di intolleranza e violenza<\/em>\u201d.<\/div>\n","protected":false},"excerpt":{"rendered":"<p>Una mozione per intitolare un parco o una via di Bra a Sergio Ramelli. L\u2019ha presentata Carlo Patria, capogruppo di Fratelli d\u2019Italia in Consiglio comunale. Lo studente milanese, diciottenne all\u2019epoca dei fatti, militante del Movimento Sociale Italiano, fu aggredito a Milano il 13 marzo 1975 da rappresentanti della sinistra extraparlamentare legati ad Avanguardia Operaia: a [&hellip;]<\/p>\n","protected":false},"author":3,"featured_media":3118,"comment_status":"open","ping_status":"closed","sticky":false,"template":"","format":"standard","meta":{"om_disable_all_campaigns":false,"_monsterinsights_skip_tracking":false,"_monsterinsights_sitenote_active":false,"_monsterinsights_sitenote_note":"","_monsterinsights_sitenote_category":0,"_uf_show_specific_survey":0,"_uf_disable_surveys":false,"footnotes":""},"categories":[36],"tags":[],"class_list":{"0":"post-3117","1":"post","2":"type-post","3":"status-publish","4":"format-standard","5":"has-post-thumbnail","7":"category-prima-i-territori"},"aioseo_notices":[],"_links":{"self":[{"href":"https:\/\/ilsovranista.com\/index.php?rest_route=\/wp\/v2\/posts\/3117","targetHints":{"allow":["GET"]}}],"collection":[{"href":"https:\/\/ilsovranista.com\/index.php?rest_route=\/wp\/v2\/posts"}],"about":[{"href":"https:\/\/ilsovranista.com\/index.php?rest_route=\/wp\/v2\/types\/post"}],"author":[{"embeddable":true,"href":"https:\/\/ilsovranista.com\/index.php?rest_route=\/wp\/v2\/users\/3"}],"replies":[{"embeddable":true,"href":"https:\/\/ilsovranista.com\/index.php?rest_route=%2Fwp%2Fv2%2Fcomments&post=3117"}],"version-history":[{"count":2,"href":"https:\/\/ilsovranista.com\/index.php?rest_route=\/wp\/v2\/posts\/3117\/revisions"}],"predecessor-version":[{"id":3123,"href":"https:\/\/ilsovranista.com\/index.php?rest_route=\/wp\/v2\/posts\/3117\/revisions\/3123"}],"wp:featuredmedia":[{"embeddable":true,"href":"https:\/\/ilsovranista.com\/index.php?rest_route=\/wp\/v2\/media\/3118"}],"wp:attachment":[{"href":"https:\/\/ilsovranista.com\/index.php?rest_route=%2Fwp%2Fv2%2Fmedia&parent=3117"}],"wp:term":[{"taxonomy":"category","embeddable":true,"href":"https:\/\/ilsovranista.com\/index.php?rest_route=%2Fwp%2Fv2%2Fcategories&post=3117"},{"taxonomy":"post_tag","embeddable":true,"href":"https:\/\/ilsovranista.com\/index.php?rest_route=%2Fwp%2Fv2%2Ftags&post=3117"}],"curies":[{"name":"wp","href":"https:\/\/api.w.org\/{rel}","templated":true}]}}