{"id":3112,"date":"2025-04-29T22:02:54","date_gmt":"2025-04-29T20:02:54","guid":{"rendered":"https:\/\/ilsovranista.com\/?p=3112"},"modified":"2025-04-29T22:03:09","modified_gmt":"2025-04-29T20:03:09","slug":"treviso-salvini-ricorda-gentilini-perdiamo-un-modello-ha-portato-la-politica-in-mezzo-alla-gente","status":"publish","type":"post","link":"https:\/\/ilsovranista.com\/?p=3112","title":{"rendered":"Treviso, Salvini ricorda Gentilini: &#8220;perdiamo un modello, ha portato la politica in mezzo alla gente&#8221;"},"content":{"rendered":"<header class=\"l-entry__header\" data-entry-header=\"\">\n<p class=\"l-entry__summary u-body-03 u-color-secondary u-mb-small\">Marted\u00ec 29 aprile in tanti hanno voluto dare l&#8217;ultimo saluto a\u00a0<strong>Giancarlo Gentilini,\u00a0<\/strong>storico esponente della\u00a0<strong>Lega\u00a0<\/strong>ex sindaco di Treviso nella chiesa di San Nicol\u00f2. Tra i presenti anche\u00a0<strong>Matteo Salvini\u00a0<\/strong>che ha dichiarato: &#8220;se oggi Treviso \u00e8 cos\u00ec bella \u00e8 soprattutto merito suo ma oggi tanti giovani politici hanno raccolto il suo esempio&#8221;.<\/p>\n<p class=\"l-entry__summary u-body-03 u-color-secondary u-mb-small\">Era l&#8217;ospite pi\u00f9 atteso e, solo pochi minuti prima dell&#8217;inizio del funerale, il vicepresidente del Consiglio dei Ministri, Matteo Salvini, \u00e8 arrivato nel viale esterno della chiesa di San Nicol\u00f2 a Treviso per dare l&#8217;ultimo saluto a Giancarlo Gentilini, l&#8217;ex sindaco &#8220;Sceriffo&#8221; mancato a 95 anni.<\/p>\n<\/header>\n<div class=\"c-entry\">\n<div data-content--body=\"\">\n<p>&#8220;Oggi c&#8217;\u00e8 il sole, precisa Salvini, non dev&#8217;essere una giornata triste perch\u00e9 penso che Giancarlo non lo avrebbe voluto. Perdiamo un sindaco d&#8217;altri tempi che ha portato per primo la politica in mezzo alla gente. Siamo nel 2025 e penso che oggi ci siano tanti giovani politici cresciuti con i suoi insegnamenti, non solo nella Lega. Se c&#8217;\u00e8 un problema non chiamano qualcuno per uscire ma escono loro in strada per risolverlo in prima persona. \u00c8 un modello che non muore mai quello di fare politica in mezzo alla gente, non solo per la Lega ma per tutti i partiti. Ogni sua critica diventava uno stimolo &#8211; ha aggiunto Salvini -. Giancarlo c&#8217;\u00e8 stato fino all&#8217;ultimo per la sua citt\u00e0, per i suoi Alpini, per la sua Lega e per la sua gente. Ecco perch\u00e9 oggi siamo qui, cos\u00ec numerosi, a ricordarlo&#8221;.<\/p>\n<\/div>\n<\/div>\n<p>&nbsp;<\/p>\n","protected":false},"excerpt":{"rendered":"<p>Marted\u00ec 29 aprile in tanti hanno voluto dare l&#8217;ultimo saluto a\u00a0Giancarlo Gentilini,\u00a0storico esponente della\u00a0Lega\u00a0ex sindaco di Treviso nella chiesa di San Nicol\u00f2. Tra i presenti anche\u00a0Matteo Salvini\u00a0che ha dichiarato: &#8220;se oggi Treviso \u00e8 cos\u00ec bella \u00e8 soprattutto merito suo ma oggi tanti giovani politici hanno raccolto il suo esempio&#8221;. Era l&#8217;ospite pi\u00f9 atteso e, solo [&hellip;]<\/p>\n","protected":false},"author":3,"featured_media":3113,"comment_status":"open","ping_status":"closed","sticky":false,"template":"","format":"standard","meta":{"om_disable_all_campaigns":false,"_monsterinsights_skip_tracking":false,"_monsterinsights_sitenote_active":false,"_monsterinsights_sitenote_note":"","_monsterinsights_sitenote_category":0,"_uf_show_specific_survey":0,"_uf_disable_surveys":false,"footnotes":""},"categories":[36],"tags":[],"class_list":{"0":"post-3112","1":"post","2":"type-post","3":"status-publish","4":"format-standard","5":"has-post-thumbnail","7":"category-prima-i-territori"},"aioseo_notices":[],"_links":{"self":[{"href":"https:\/\/ilsovranista.com\/index.php?rest_route=\/wp\/v2\/posts\/3112","targetHints":{"allow":["GET"]}}],"collection":[{"href":"https:\/\/ilsovranista.com\/index.php?rest_route=\/wp\/v2\/posts"}],"about":[{"href":"https:\/\/ilsovranista.com\/index.php?rest_route=\/wp\/v2\/types\/post"}],"author":[{"embeddable":true,"href":"https:\/\/ilsovranista.com\/index.php?rest_route=\/wp\/v2\/users\/3"}],"replies":[{"embeddable":true,"href":"https:\/\/ilsovranista.com\/index.php?rest_route=%2Fwp%2Fv2%2Fcomments&post=3112"}],"version-history":[{"count":2,"href":"https:\/\/ilsovranista.com\/index.php?rest_route=\/wp\/v2\/posts\/3112\/revisions"}],"predecessor-version":[{"id":3115,"href":"https:\/\/ilsovranista.com\/index.php?rest_route=\/wp\/v2\/posts\/3112\/revisions\/3115"}],"wp:featuredmedia":[{"embeddable":true,"href":"https:\/\/ilsovranista.com\/index.php?rest_route=\/wp\/v2\/media\/3113"}],"wp:attachment":[{"href":"https:\/\/ilsovranista.com\/index.php?rest_route=%2Fwp%2Fv2%2Fmedia&parent=3112"}],"wp:term":[{"taxonomy":"category","embeddable":true,"href":"https:\/\/ilsovranista.com\/index.php?rest_route=%2Fwp%2Fv2%2Fcategories&post=3112"},{"taxonomy":"post_tag","embeddable":true,"href":"https:\/\/ilsovranista.com\/index.php?rest_route=%2Fwp%2Fv2%2Ftags&post=3112"}],"curies":[{"name":"wp","href":"https:\/\/api.w.org\/{rel}","templated":true}]}}