{"id":3106,"date":"2025-04-29T21:53:10","date_gmt":"2025-04-29T19:53:10","guid":{"rendered":"https:\/\/ilsovranista.com\/?p=3106"},"modified":"2025-04-29T21:53:10","modified_gmt":"2025-04-29T19:53:10","slug":"ramelli-giordano-fdi-il-suo-sacrificio-sia-monito-per-generazioni-presenti-e-future","status":"publish","type":"post","link":"https:\/\/ilsovranista.com\/?p=3106","title":{"rendered":"Ramelli, Giordano (FdI): il suo sacrificio sia monito per generazioni presenti e future"},"content":{"rendered":"<p>&#8220;Cinquant\u2019anni fa, il 29 aprile, si spegneva <strong>Sergio Ramelli<\/strong>, giovane militante del <strong>Fronte della Giovent\u00f9<\/strong>, vittima innocente di una brutale aggressione motivata dall\u2019odio politico. A soli diciotto anni, Sergio pag\u00f2 con la vita la scelta libera e coraggiosa di credere in un ideale e di impegnarsi, pacificamente, nella vita pubblica. Oggi il suo sacrificio rappresenta un monito per le generazioni presenti e future: la violenza non pu\u00f2 e non deve mai essere strumento di confronto politico. Sergio Ramelli \u00e8 diventato simbolo della libert\u00e0 di pensiero, del coraggio delle idee e del diritto di ogni cittadino di esprimere, senza paura, la propria visione del mondo. In questa ricorrenza solenne, accogliamo l\u2019appello del Presidente del Consiglio, Giorgia Meloni, a non seguire i \u2018cattivi maestri\u2019, che seminano odio e divisione, ma a costruire una societ\u00e0 fondata sul rispetto, sul dialogo e sulla memoria condivisa. Nel nome di Sergio, rinnoviamo il nostro impegno per una comunit\u00e0 civile capace di custodire la memoria delle vittime dell\u2019intolleranza e di difendere i principi della democrazia, della libert\u00e0 e della convivenza pacifica. A Sergio Ramelli, e a tutti i giovani che hanno pagato con la vita il coraggio delle proprie idee, va il nostro affettuoso ricordo\u201d.<\/p>\n<p>Lo dichiara <strong>Antonio Giordano<\/strong>, deputato di\u00a0<strong>Fratelli d&#8217;Italia<\/strong><\/p>\n","protected":false},"excerpt":{"rendered":"<p>&#8220;Cinquant\u2019anni fa, il 29 aprile, si spegneva Sergio Ramelli, giovane militante del Fronte della Giovent\u00f9, vittima innocente di una brutale aggressione motivata dall\u2019odio politico. A soli diciotto anni, Sergio pag\u00f2 con la vita la scelta libera e coraggiosa di credere in un ideale e di impegnarsi, pacificamente, nella vita pubblica. Oggi il suo sacrificio rappresenta [&hellip;]<\/p>\n","protected":false},"author":3,"featured_media":3107,"comment_status":"open","ping_status":"closed","sticky":false,"template":"","format":"standard","meta":{"om_disable_all_campaigns":false,"_monsterinsights_skip_tracking":false,"_monsterinsights_sitenote_active":false,"_monsterinsights_sitenote_note":"","_monsterinsights_sitenote_category":0,"_uf_show_specific_survey":0,"_uf_disable_surveys":false,"footnotes":""},"categories":[33],"tags":[],"class_list":{"0":"post-3106","1":"post","2":"type-post","3":"status-publish","4":"format-standard","5":"has-post-thumbnail","7":"category-politica"},"aioseo_notices":[],"_links":{"self":[{"href":"https:\/\/ilsovranista.com\/index.php?rest_route=\/wp\/v2\/posts\/3106","targetHints":{"allow":["GET"]}}],"collection":[{"href":"https:\/\/ilsovranista.com\/index.php?rest_route=\/wp\/v2\/posts"}],"about":[{"href":"https:\/\/ilsovranista.com\/index.php?rest_route=\/wp\/v2\/types\/post"}],"author":[{"embeddable":true,"href":"https:\/\/ilsovranista.com\/index.php?rest_route=\/wp\/v2\/users\/3"}],"replies":[{"embeddable":true,"href":"https:\/\/ilsovranista.com\/index.php?rest_route=%2Fwp%2Fv2%2Fcomments&post=3106"}],"version-history":[{"count":1,"href":"https:\/\/ilsovranista.com\/index.php?rest_route=\/wp\/v2\/posts\/3106\/revisions"}],"predecessor-version":[{"id":3108,"href":"https:\/\/ilsovranista.com\/index.php?rest_route=\/wp\/v2\/posts\/3106\/revisions\/3108"}],"wp:featuredmedia":[{"embeddable":true,"href":"https:\/\/ilsovranista.com\/index.php?rest_route=\/wp\/v2\/media\/3107"}],"wp:attachment":[{"href":"https:\/\/ilsovranista.com\/index.php?rest_route=%2Fwp%2Fv2%2Fmedia&parent=3106"}],"wp:term":[{"taxonomy":"category","embeddable":true,"href":"https:\/\/ilsovranista.com\/index.php?rest_route=%2Fwp%2Fv2%2Fcategories&post=3106"},{"taxonomy":"post_tag","embeddable":true,"href":"https:\/\/ilsovranista.com\/index.php?rest_route=%2Fwp%2Fv2%2Ftags&post=3106"}],"curies":[{"name":"wp","href":"https:\/\/api.w.org\/{rel}","templated":true}]}}