{"id":3095,"date":"2025-04-28T05:07:07","date_gmt":"2025-04-28T03:07:07","guid":{"rendered":"https:\/\/ilsovranista.com\/?p=3095"},"modified":"2025-04-28T05:07:23","modified_gmt":"2025-04-28T03:07:23","slug":"recanati-fratelli-ditalia-propone-intitolare-una-via-a-sergio-ramelli","status":"publish","type":"post","link":"https:\/\/ilsovranista.com\/?p=3095","title":{"rendered":"Recanati, Fratelli d&#8217;Italia propone intitolare una via a Sergio Ramelli"},"content":{"rendered":"<p><strong>Fratelli d&#8217;Italia Recanati<\/strong> annuncia, con orgoglio e soddisfazione, che nella seduta della Commissione Cultura del 29 aprile verr\u00e0 discussa una mozione per l&#8217;intitolazione di una via o piazza a Sergio Ramelli.<\/p>\n<p>Sergio Ramelli, precisa una nota diffusa da Fratelli d&#8217;Italia era uno studente dell&#8221;ITIS \u201cMolinari\u201d di Milano, impegnato in politica nell&#8217;organizzazione giovanile del MSI, il Fronte della Gioventu\u0300: le sue posizioni politiche gli procurarono due aggressioni in un breve lasso di tempo, che lo spinsero, nel febbraio 1975, a lasciare il \u201cMolinari\u201d per proseguire l&#8217;anno scolastico in un istituto privato.<img fetchpriority=\"high\" decoding=\"async\" src=\"https:\/\/www.ilcittadinodirecanati.it\/images\/new\/2025\/Aprile_\/sergio-ramelli.jpg\" alt=\"sergio ramelli\" width=\"302\" height=\"222\" \/><\/p>\n<p>In un tema scolastico aveva espresso posizioni di condanna verso le Brigate Rosse, che avevano assalito la sede del MSI di Padova nel giugno 1974 provocando la morte di due militanti, Giuseppe Mazzola e Graziano Giralucci. Il tema, sottratto al professore, fu poi affisso in una bacheca scolastica e usato come \u201ccapo d&#8217;accusa\u201d in una sorta di \u201cprocesso politico\u201d scolastico contro Ramelli.<\/p>\n<p>Il 13 marzo 1975 Ramelli, di ritorno a casa, fu assalito da alcuni militanti di Avanguardia Operaia, iscritti alla facolta\u0300 milanese di medicina, armati di chiavi inglesi con le quali colpirono piu\u0300 volte al capo Sergio Ramelli, facendogli perdere i sensi.<\/p>\n<p>Morira\u0300 dopo 48 giorni di agonia il 29 aprile 1975. Avrebbe compiuto 19 anni l\u20198 luglio di quell&#8217;anno.<\/p>\n<p>Nel cinquantesimo anniversario della morte, l\u2019auspicio \u00e8 che Sergio Ramelli divenga sempre di pi\u00f9 il simbolo di tutte le vittime di quella stagione di violenza politica che ha macchiato in maniera indelebile la storia del nostro Paese.<\/p>\n<p>Un simbolo da accogliere in maniera unitaria, conclude la nota, perch\u00e9 nessuno, n\u00e9 tra i banchi di scuola n\u00e9 all\u2019Universit\u00e0 n\u00e9 in nessun altro luogo subisca pi\u00f9 quei torti, quelle violenze, quell\u2019ostracismo, quella vergognosa messa all\u2019indice subita da Ramelli, ricordo di un\u2019epoca passata che serve ad ammonire tutti noi rammentandoci che, in democrazia, di politica non si pu\u00f2 morire!<\/p>\n","protected":false},"excerpt":{"rendered":"<p>Fratelli d&#8217;Italia Recanati annuncia, con orgoglio e soddisfazione, che nella seduta della Commissione Cultura del 29 aprile verr\u00e0 discussa una mozione per l&#8217;intitolazione di una via o piazza a Sergio Ramelli. Sergio Ramelli, precisa una nota diffusa da Fratelli d&#8217;Italia era uno studente dell&#8221;ITIS \u201cMolinari\u201d di Milano, impegnato in politica nell&#8217;organizzazione giovanile del MSI, il [&hellip;]<\/p>\n","protected":false},"author":3,"featured_media":3096,"comment_status":"open","ping_status":"closed","sticky":false,"template":"","format":"standard","meta":{"om_disable_all_campaigns":false,"_monsterinsights_skip_tracking":false,"_monsterinsights_sitenote_active":false,"_monsterinsights_sitenote_note":"","_monsterinsights_sitenote_category":0,"_uf_show_specific_survey":0,"_uf_disable_surveys":false,"footnotes":""},"categories":[36],"tags":[],"class_list":{"0":"post-3095","1":"post","2":"type-post","3":"status-publish","4":"format-standard","5":"has-post-thumbnail","7":"category-prima-i-territori"},"aioseo_notices":[],"_links":{"self":[{"href":"https:\/\/ilsovranista.com\/index.php?rest_route=\/wp\/v2\/posts\/3095","targetHints":{"allow":["GET"]}}],"collection":[{"href":"https:\/\/ilsovranista.com\/index.php?rest_route=\/wp\/v2\/posts"}],"about":[{"href":"https:\/\/ilsovranista.com\/index.php?rest_route=\/wp\/v2\/types\/post"}],"author":[{"embeddable":true,"href":"https:\/\/ilsovranista.com\/index.php?rest_route=\/wp\/v2\/users\/3"}],"replies":[{"embeddable":true,"href":"https:\/\/ilsovranista.com\/index.php?rest_route=%2Fwp%2Fv2%2Fcomments&post=3095"}],"version-history":[{"count":1,"href":"https:\/\/ilsovranista.com\/index.php?rest_route=\/wp\/v2\/posts\/3095\/revisions"}],"predecessor-version":[{"id":3097,"href":"https:\/\/ilsovranista.com\/index.php?rest_route=\/wp\/v2\/posts\/3095\/revisions\/3097"}],"wp:featuredmedia":[{"embeddable":true,"href":"https:\/\/ilsovranista.com\/index.php?rest_route=\/wp\/v2\/media\/3096"}],"wp:attachment":[{"href":"https:\/\/ilsovranista.com\/index.php?rest_route=%2Fwp%2Fv2%2Fmedia&parent=3095"}],"wp:term":[{"taxonomy":"category","embeddable":true,"href":"https:\/\/ilsovranista.com\/index.php?rest_route=%2Fwp%2Fv2%2Fcategories&post=3095"},{"taxonomy":"post_tag","embeddable":true,"href":"https:\/\/ilsovranista.com\/index.php?rest_route=%2Fwp%2Fv2%2Ftags&post=3095"}],"curies":[{"name":"wp","href":"https:\/\/api.w.org\/{rel}","templated":true}]}}