{"id":3092,"date":"2025-04-27T21:53:15","date_gmt":"2025-04-27T19:53:15","guid":{"rendered":"https:\/\/ilsovranista.com\/?p=3092"},"modified":"2025-04-27T21:53:15","modified_gmt":"2025-04-27T19:53:15","slug":"tragedia-sul-faito-nappi-lega-chi-guida-eav-non-provi-a-sottrarsi-alle-sue-responsabilita","status":"publish","type":"post","link":"https:\/\/ilsovranista.com\/?p=3092","title":{"rendered":"Tragedia sul Faito, Nappi (Lega): chi guida Eav non provi a sottrarsi alle sue responsabilit\u00e0"},"content":{"rendered":"<p>&#8220;\u00c8 intollerabile che un signore che percepisce, accanto a quello di presidente, anche un secondo stipendio a 6 cifre come direttore generale &#8211; e cio\u00e8 il massimo dirigente operativo della societ\u00e0 &#8211; provi penosamente a sottrarsi alle proprie responsabilit\u00e0, scaricandole sui suoi collaboratori e subordinati, inventandosi un\u2019inesistente funzione di &#8216;recuperatore di risorse economiche&#8217; che il Codice civile non conosce. Se agghiaccia il cinismo di costui, non stupisce certo il silenzio di colui che lo ha nominato e lo mantiene in quella posizione da 10 anni. N\u00e8 la connivenza del Pd e delle sinistre che, in questi lunghi anni, si sono largamente &#8216;abbeverate&#8217; alle fonti gestionali dell\u2019Eav. Sappiamo per\u00f2 che chi sta indagando conosce le regole del diritto e confidiamo che le applicher\u00e0 senza dar spazio a pelosi e inaccettabili distinguo, ma attribuendo a ciascuno le responsabilit\u00e0 che la legge pone a suo carico, per grado e funzioni. Perch\u00e9 una cosa \u00e8 certa. Come ha detto la signora Elvira dal pulpito dei funerali del marito Carmine: questa tragedia non \u00e8 frutto della fatalit\u00e0. Noi vigileremo e non esiteremo a denunciare omissioni, falsit\u00e0 e &#8216;arrangiamenti&#8217; di qualsiasi tipo&#8221;.<\/p>\n<p>Lo afferma<strong> Severino Nappi<\/strong>, capogruppo della <strong>Lega<\/strong> in Consiglio regionale e vice coordinatore del partito in Campania.<\/p>\n","protected":false},"excerpt":{"rendered":"<p>&#8220;\u00c8 intollerabile che un signore che percepisce, accanto a quello di presidente, anche un secondo stipendio a 6 cifre come direttore generale &#8211; e cio\u00e8 il massimo dirigente operativo della societ\u00e0 &#8211; provi penosamente a sottrarsi alle proprie responsabilit\u00e0, scaricandole sui suoi collaboratori e subordinati, inventandosi un\u2019inesistente funzione di &#8216;recuperatore di risorse economiche&#8217; che il [&hellip;]<\/p>\n","protected":false},"author":3,"featured_media":3093,"comment_status":"open","ping_status":"closed","sticky":false,"template":"","format":"standard","meta":{"om_disable_all_campaigns":false,"_monsterinsights_skip_tracking":false,"_monsterinsights_sitenote_active":false,"_monsterinsights_sitenote_note":"","_monsterinsights_sitenote_category":0,"_uf_show_specific_survey":0,"_uf_disable_surveys":false,"footnotes":""},"categories":[33],"tags":[],"class_list":{"0":"post-3092","1":"post","2":"type-post","3":"status-publish","4":"format-standard","5":"has-post-thumbnail","7":"category-politica"},"aioseo_notices":[],"_links":{"self":[{"href":"https:\/\/ilsovranista.com\/index.php?rest_route=\/wp\/v2\/posts\/3092","targetHints":{"allow":["GET"]}}],"collection":[{"href":"https:\/\/ilsovranista.com\/index.php?rest_route=\/wp\/v2\/posts"}],"about":[{"href":"https:\/\/ilsovranista.com\/index.php?rest_route=\/wp\/v2\/types\/post"}],"author":[{"embeddable":true,"href":"https:\/\/ilsovranista.com\/index.php?rest_route=\/wp\/v2\/users\/3"}],"replies":[{"embeddable":true,"href":"https:\/\/ilsovranista.com\/index.php?rest_route=%2Fwp%2Fv2%2Fcomments&post=3092"}],"version-history":[{"count":1,"href":"https:\/\/ilsovranista.com\/index.php?rest_route=\/wp\/v2\/posts\/3092\/revisions"}],"predecessor-version":[{"id":3094,"href":"https:\/\/ilsovranista.com\/index.php?rest_route=\/wp\/v2\/posts\/3092\/revisions\/3094"}],"wp:featuredmedia":[{"embeddable":true,"href":"https:\/\/ilsovranista.com\/index.php?rest_route=\/wp\/v2\/media\/3093"}],"wp:attachment":[{"href":"https:\/\/ilsovranista.com\/index.php?rest_route=%2Fwp%2Fv2%2Fmedia&parent=3092"}],"wp:term":[{"taxonomy":"category","embeddable":true,"href":"https:\/\/ilsovranista.com\/index.php?rest_route=%2Fwp%2Fv2%2Fcategories&post=3092"},{"taxonomy":"post_tag","embeddable":true,"href":"https:\/\/ilsovranista.com\/index.php?rest_route=%2Fwp%2Fv2%2Ftags&post=3092"}],"curies":[{"name":"wp","href":"https:\/\/api.w.org\/{rel}","templated":true}]}}