{"id":3083,"date":"2025-04-25T18:30:42","date_gmt":"2025-04-25T16:30:42","guid":{"rendered":"https:\/\/ilsovranista.com\/?p=3083"},"modified":"2025-04-25T18:33:22","modified_gmt":"2025-04-25T16:33:22","slug":"speranzon-fdi-gli-imam-che-fomentano-odio-vanno-espulsi","status":"publish","type":"post","link":"https:\/\/ilsovranista.com\/?p=3083","title":{"rendered":"Speranzon (Fdi): gli imam che fomentano odio vanno espulsi"},"content":{"rendered":"<p>Quando un imam usa la religione per attaccare lo Stato e fomentare odio verso le istituzioni, diventa un pericolo pubblico. <strong>Arif Mahmud<\/strong>, presidente dell\u2019associazione \u201cIttihad\u201d, ha superato ogni limite: paragonare il sindaco Brugnaro a un maiale e definire dal suo pulpito marcio e corrotto l\u2019Occidente non \u00e8 libert\u00e0 di espressione, \u00e8 istigazione alla radicalizzazione. Non stiamo parlando di protesta, ma di strategia fanatica per colpire l\u2019integrazione e spingere i bengalesi verso il rifiuto dell\u2019Italia. Questi personaggi vanno espulsi senza esitazione. E se avessero la cittadinanza italiana meriterebbero di perderla. Non possiamo aspettare che facciano danni irreparabili alla nostra comunit\u00e0 e alla loro.<br \/>\nIn molti paesi islamici, offese ed intimidazioni del genere contro rappresentanti delle istituzioni sarebbero punite addirittura con l\u2019ergastolo. Qui no, e va bene cos\u00ec: ma non tolleriamo chi trasforma i luoghi di culto in focolai di odio. Chi non riconosce le nostre regole e lavora contro la convivenza pacifica, deve essere allontanato\u201d.<br \/>\nLo scrive <strong>Raffaele Speranzon<\/strong>, senatore e vicepresidente vicario del gruppo di <strong>Fratelli d\u2019Italia<\/strong> a Palazzo Madama.<\/p>\n","protected":false},"excerpt":{"rendered":"<p>Quando un imam usa la religione per attaccare lo Stato e fomentare odio verso le istituzioni, diventa un pericolo pubblico. Arif Mahmud, presidente dell\u2019associazione \u201cIttihad\u201d, ha superato ogni limite: paragonare il sindaco Brugnaro a un maiale e definire dal suo pulpito marcio e corrotto l\u2019Occidente non \u00e8 libert\u00e0 di espressione, \u00e8 istigazione alla radicalizzazione. Non [&hellip;]<\/p>\n","protected":false},"author":3,"featured_media":3084,"comment_status":"open","ping_status":"closed","sticky":false,"template":"","format":"standard","meta":{"om_disable_all_campaigns":false,"_monsterinsights_skip_tracking":false,"_monsterinsights_sitenote_active":false,"_monsterinsights_sitenote_note":"","_monsterinsights_sitenote_category":0,"_uf_show_specific_survey":0,"_uf_disable_surveys":false,"footnotes":""},"categories":[33],"tags":[],"class_list":{"0":"post-3083","1":"post","2":"type-post","3":"status-publish","4":"format-standard","5":"has-post-thumbnail","7":"category-politica"},"aioseo_notices":[],"_links":{"self":[{"href":"https:\/\/ilsovranista.com\/index.php?rest_route=\/wp\/v2\/posts\/3083","targetHints":{"allow":["GET"]}}],"collection":[{"href":"https:\/\/ilsovranista.com\/index.php?rest_route=\/wp\/v2\/posts"}],"about":[{"href":"https:\/\/ilsovranista.com\/index.php?rest_route=\/wp\/v2\/types\/post"}],"author":[{"embeddable":true,"href":"https:\/\/ilsovranista.com\/index.php?rest_route=\/wp\/v2\/users\/3"}],"replies":[{"embeddable":true,"href":"https:\/\/ilsovranista.com\/index.php?rest_route=%2Fwp%2Fv2%2Fcomments&post=3083"}],"version-history":[{"count":1,"href":"https:\/\/ilsovranista.com\/index.php?rest_route=\/wp\/v2\/posts\/3083\/revisions"}],"predecessor-version":[{"id":3085,"href":"https:\/\/ilsovranista.com\/index.php?rest_route=\/wp\/v2\/posts\/3083\/revisions\/3085"}],"wp:featuredmedia":[{"embeddable":true,"href":"https:\/\/ilsovranista.com\/index.php?rest_route=\/wp\/v2\/media\/3084"}],"wp:attachment":[{"href":"https:\/\/ilsovranista.com\/index.php?rest_route=%2Fwp%2Fv2%2Fmedia&parent=3083"}],"wp:term":[{"taxonomy":"category","embeddable":true,"href":"https:\/\/ilsovranista.com\/index.php?rest_route=%2Fwp%2Fv2%2Fcategories&post=3083"},{"taxonomy":"post_tag","embeddable":true,"href":"https:\/\/ilsovranista.com\/index.php?rest_route=%2Fwp%2Fv2%2Ftags&post=3083"}],"curies":[{"name":"wp","href":"https:\/\/api.w.org\/{rel}","templated":true}]}}