{"id":3080,"date":"2025-04-25T18:25:57","date_gmt":"2025-04-25T16:25:57","guid":{"rendered":"https:\/\/ilsovranista.com\/?p=3080"},"modified":"2025-04-25T18:25:57","modified_gmt":"2025-04-25T16:25:57","slug":"casapound-25-aprile-sobrio-va-abolito-a-maggio-corteo-a-la-spezia-per-remigrazione-ed-europa-potenza","status":"publish","type":"post","link":"https:\/\/ilsovranista.com\/?p=3080","title":{"rendered":"CasaPound: 25 aprile sobrio? Va abolito. A maggio corteo a La Spezia per remigrazione ed Europa potenza"},"content":{"rendered":"<div dir=\"ltr\">Hanno ragione gli antifascisti quando dicono che il 25<\/div>\n<div dir=\"ltr\">aprile non pu\u00f2 essere festeggiato con sobriet\u00e0. La liberazione, come segno rosso sul calendario, va proprio abolita. Il 25 aprile \u00e8 una ricorrenza in cui si riconosce una parte sempre pi\u00f9 piccola e ideologizzata degli italiani, una ricorrenza dove si fomenta odio e divisione: venga abolita e si torni a celebrare date storicamente importanti come il 4 novembre. L&#8217;unica vittoria italiana e non il tragico segno di una guerra civile che per gli antifascisti \u00e8 ancora in<\/div>\n<div dir=\"ltr\">atto\u201d.<\/div>\n<div dir=\"ltr\">Lo dichiara in una nota CasaPound Italia, precisando: &#8220;l\u2019antifascismo \u00e8 ormai utilizzato come ultimo collante<\/div>\n<div dir=\"ltr\">da una sinistra che \u00e8 distante anni luce dalla realt\u00e0, dagli italiani e dalle piazze dove si affrontano le vere questioni che determineranno il futuro della nostra Nazione e dei nostri figli. A partire dall\u2019immigrazione incontrollata, su cui nessun governo da decenni ha avuto il coraggio di prendere posizioni realmente forti e risolutive. Per questo oggi c\u2019\u00e8 bisogno della spinta e della visione di un movimento<\/div>\n<div dir=\"ltr\">radicale come CasaPound che non accetta compromessi: n\u00e9 sul tema immigrazione, risolvibile solamente con la remigrazione degli immigrati irregolari presenti sul nostro territorio, n\u00e9 sull\u2019attuale situazione politica globale dove l\u2019unica strada percorribile per il nostro futuro \u00e8<\/div>\n<div dir=\"ltr\">un&#8217;Europa che sia una potenza mondiale, finalmente libera dalla schiavit\u00f9 di Washington e Mosca\u201d.<\/div>\n<div dir=\"ltr\"><\/div>\n<div dir=\"ltr\">\u201cPer questo, conclude CasaPound sabato 17 maggio abbiamo in programma un corteo in una delle citt\u00e0 simbolo del Futurismo e dell&#8217;innovazione militare, La Spezia,<\/div>\n<div dir=\"ltr\">portando in piazza le nostre parole d&#8217;ordine: remigrazione ed Europa potenza. Una manifestazione nella quale chiamiamo a raccolta tutti quegli italiani che non festeggiano il 25 aprile e che forse sono i soli realmente liberi\u201d.<\/div>\n","protected":false},"excerpt":{"rendered":"<p>Hanno ragione gli antifascisti quando dicono che il 25 aprile non pu\u00f2 essere festeggiato con sobriet\u00e0. La liberazione, come segno rosso sul calendario, va proprio abolita. Il 25 aprile \u00e8 una ricorrenza in cui si riconosce una parte sempre pi\u00f9 piccola e ideologizzata degli italiani, una ricorrenza dove si fomenta odio e divisione: venga abolita [&hellip;]<\/p>\n","protected":false},"author":3,"featured_media":3081,"comment_status":"open","ping_status":"closed","sticky":false,"template":"","format":"standard","meta":{"om_disable_all_campaigns":false,"_monsterinsights_skip_tracking":false,"_monsterinsights_sitenote_active":false,"_monsterinsights_sitenote_note":"","_monsterinsights_sitenote_category":0,"_uf_show_specific_survey":0,"_uf_disable_surveys":false,"footnotes":""},"categories":[33],"tags":[],"class_list":{"0":"post-3080","1":"post","2":"type-post","3":"status-publish","4":"format-standard","5":"has-post-thumbnail","7":"category-politica"},"aioseo_notices":[],"_links":{"self":[{"href":"https:\/\/ilsovranista.com\/index.php?rest_route=\/wp\/v2\/posts\/3080","targetHints":{"allow":["GET"]}}],"collection":[{"href":"https:\/\/ilsovranista.com\/index.php?rest_route=\/wp\/v2\/posts"}],"about":[{"href":"https:\/\/ilsovranista.com\/index.php?rest_route=\/wp\/v2\/types\/post"}],"author":[{"embeddable":true,"href":"https:\/\/ilsovranista.com\/index.php?rest_route=\/wp\/v2\/users\/3"}],"replies":[{"embeddable":true,"href":"https:\/\/ilsovranista.com\/index.php?rest_route=%2Fwp%2Fv2%2Fcomments&post=3080"}],"version-history":[{"count":1,"href":"https:\/\/ilsovranista.com\/index.php?rest_route=\/wp\/v2\/posts\/3080\/revisions"}],"predecessor-version":[{"id":3082,"href":"https:\/\/ilsovranista.com\/index.php?rest_route=\/wp\/v2\/posts\/3080\/revisions\/3082"}],"wp:featuredmedia":[{"embeddable":true,"href":"https:\/\/ilsovranista.com\/index.php?rest_route=\/wp\/v2\/media\/3081"}],"wp:attachment":[{"href":"https:\/\/ilsovranista.com\/index.php?rest_route=%2Fwp%2Fv2%2Fmedia&parent=3080"}],"wp:term":[{"taxonomy":"category","embeddable":true,"href":"https:\/\/ilsovranista.com\/index.php?rest_route=%2Fwp%2Fv2%2Fcategories&post=3080"},{"taxonomy":"post_tag","embeddable":true,"href":"https:\/\/ilsovranista.com\/index.php?rest_route=%2Fwp%2Fv2%2Ftags&post=3080"}],"curies":[{"name":"wp","href":"https:\/\/api.w.org\/{rel}","templated":true}]}}