{"id":3064,"date":"2025-04-24T18:51:24","date_gmt":"2025-04-24T16:51:24","guid":{"rendered":"https:\/\/ilsovranista.com\/?p=3064"},"modified":"2025-04-24T18:51:24","modified_gmt":"2025-04-24T16:51:24","slug":"25-aprile-cirio-fi-ancora-poco-festeggiato-dobbiamo-cantare","status":"publish","type":"post","link":"https:\/\/ilsovranista.com\/?p=3064","title":{"rendered":"25 aprile, Cirio (Fi): ancora poco festeggiato, dobbiamo cantare"},"content":{"rendered":"<p>&#8220;Credo che la festa del 25 Aprile debba essere una festa. E secondo me lo festeggiamo ancora poco&#8221;.<\/p>\n<p>Lo ha detto <strong>Alberto Cirio<\/strong>, presidente della Regione Piemonte, esponente di spicco di Forza Italia\u00a0 durante la presentazione di un libro dedicato ai luoghi della Resistenza piemontese precisando: &#8220;al di l\u00e0 del discorso specifico sul funerale del Papa e sulla sobriet\u00e0, mi auguro che il 25 aprile diventi una festa dove davvero si festeggia, perch\u00e9 c&#8217;\u00e8 da festeggiare. Una festa dove si balla, si canta per le strade, si fanno tutte quelle cose che erano vietate da un regime&#8221;.<\/p>\n","protected":false},"excerpt":{"rendered":"<p>&#8220;Credo che la festa del 25 Aprile debba essere una festa. E secondo me lo festeggiamo ancora poco&#8221;. Lo ha detto Alberto Cirio, presidente della Regione Piemonte, esponente di spicco di Forza Italia\u00a0 durante la presentazione di un libro dedicato ai luoghi della Resistenza piemontese precisando: &#8220;al di l\u00e0 del discorso specifico sul funerale del [&hellip;]<\/p>\n","protected":false},"author":3,"featured_media":3066,"comment_status":"open","ping_status":"closed","sticky":false,"template":"","format":"standard","meta":{"om_disable_all_campaigns":false,"_monsterinsights_skip_tracking":false,"_monsterinsights_sitenote_active":false,"_monsterinsights_sitenote_note":"","_monsterinsights_sitenote_category":0,"_uf_show_specific_survey":0,"_uf_disable_surveys":false,"footnotes":""},"categories":[33],"tags":[],"class_list":{"0":"post-3064","1":"post","2":"type-post","3":"status-publish","4":"format-standard","5":"has-post-thumbnail","7":"category-politica"},"aioseo_notices":[],"_links":{"self":[{"href":"https:\/\/ilsovranista.com\/index.php?rest_route=\/wp\/v2\/posts\/3064","targetHints":{"allow":["GET"]}}],"collection":[{"href":"https:\/\/ilsovranista.com\/index.php?rest_route=\/wp\/v2\/posts"}],"about":[{"href":"https:\/\/ilsovranista.com\/index.php?rest_route=\/wp\/v2\/types\/post"}],"author":[{"embeddable":true,"href":"https:\/\/ilsovranista.com\/index.php?rest_route=\/wp\/v2\/users\/3"}],"replies":[{"embeddable":true,"href":"https:\/\/ilsovranista.com\/index.php?rest_route=%2Fwp%2Fv2%2Fcomments&post=3064"}],"version-history":[{"count":1,"href":"https:\/\/ilsovranista.com\/index.php?rest_route=\/wp\/v2\/posts\/3064\/revisions"}],"predecessor-version":[{"id":3067,"href":"https:\/\/ilsovranista.com\/index.php?rest_route=\/wp\/v2\/posts\/3064\/revisions\/3067"}],"wp:featuredmedia":[{"embeddable":true,"href":"https:\/\/ilsovranista.com\/index.php?rest_route=\/wp\/v2\/media\/3066"}],"wp:attachment":[{"href":"https:\/\/ilsovranista.com\/index.php?rest_route=%2Fwp%2Fv2%2Fmedia&parent=3064"}],"wp:term":[{"taxonomy":"category","embeddable":true,"href":"https:\/\/ilsovranista.com\/index.php?rest_route=%2Fwp%2Fv2%2Fcategories&post=3064"},{"taxonomy":"post_tag","embeddable":true,"href":"https:\/\/ilsovranista.com\/index.php?rest_route=%2Fwp%2Fv2%2Ftags&post=3064"}],"curies":[{"name":"wp","href":"https:\/\/api.w.org\/{rel}","templated":true}]}}