{"id":3061,"date":"2025-04-24T18:42:49","date_gmt":"2025-04-24T16:42:49","guid":{"rendered":"https:\/\/ilsovranista.com\/?p=3061"},"modified":"2025-04-24T18:46:09","modified_gmt":"2025-04-24T16:46:09","slug":"25-aprile-speranzon-fdi-sia-data-di-liberta-e-non-per-regolare-conti-del-passato","status":"publish","type":"post","link":"https:\/\/ilsovranista.com\/?p=3061","title":{"rendered":"25 Aprile, Speranzon (Fdi): sia data di libert\u00e0 e non per regolare conti del passato"},"content":{"rendered":"<p>&#8220;Il <strong>25 aprile<\/strong> \u00e8 la festa degli italiani che amano la propria Patria, una data di libert\u00e0 contro ogni forma di dittatura e totalitarismo, contro ogni violenza e sopraffazione. Proprio per questo questa giornata non pu\u00f2 e non deve pi\u00f9 essere usata per regolare i conti del passato, visto che sono ormai trascorsi 80 anni dalla fine della Seconda Guerra Mondiale. Ai partigiani va la nostra eterna gratitudine ma non possiamo non ricordare che fra loro ci fu chi si rese responsabile in quei giorni del 1945, e anche dopo, di orribili crimini. La libert\u00e0 in Italia la dobbiamo alle truppe americane e non a quelle sovietiche, cos\u00ec come bisogna osservare che i buoni non stanno tutti dalla stessa parte cos\u00ec come non lo sono i cattivi. Voglio ricordare in questa data Rolando Rivi, un ragazzo di 14 anni che fu trucidato dai partigiani comunisti mentre indossava il suo abito talare, un giovanissimo che aveva deciso di sposare Ges\u00f9 Cristo e per questo pag\u00f2 con la sua vita. Ecco, il ricordo di Rolando sia da esempio per raggiungere quella reale pacificazione nazionale di cui oggi sentiamo pi\u00f9 che mai il bisogno&#8221;.<\/p>\n<p>Lo afferma in aula,<strong> Raffaele Speranzon<\/strong>, vice presidente dei senatori di\u00a0<strong>Fratelli d&#8217;Italia <\/strong><\/p>\n","protected":false},"excerpt":{"rendered":"<p>&#8220;Il 25 aprile \u00e8 la festa degli italiani che amano la propria Patria, una data di libert\u00e0 contro ogni forma di dittatura e totalitarismo, contro ogni violenza e sopraffazione. Proprio per questo questa giornata non pu\u00f2 e non deve pi\u00f9 essere usata per regolare i conti del passato, visto che sono ormai trascorsi 80 anni [&hellip;]<\/p>\n","protected":false},"author":3,"featured_media":3062,"comment_status":"open","ping_status":"closed","sticky":false,"template":"","format":"standard","meta":{"om_disable_all_campaigns":false,"_monsterinsights_skip_tracking":false,"_monsterinsights_sitenote_active":false,"_monsterinsights_sitenote_note":"","_monsterinsights_sitenote_category":0,"_uf_show_specific_survey":0,"_uf_disable_surveys":false,"footnotes":""},"categories":[33],"tags":[],"class_list":{"0":"post-3061","1":"post","2":"type-post","3":"status-publish","4":"format-standard","5":"has-post-thumbnail","7":"category-politica"},"aioseo_notices":[],"_links":{"self":[{"href":"https:\/\/ilsovranista.com\/index.php?rest_route=\/wp\/v2\/posts\/3061","targetHints":{"allow":["GET"]}}],"collection":[{"href":"https:\/\/ilsovranista.com\/index.php?rest_route=\/wp\/v2\/posts"}],"about":[{"href":"https:\/\/ilsovranista.com\/index.php?rest_route=\/wp\/v2\/types\/post"}],"author":[{"embeddable":true,"href":"https:\/\/ilsovranista.com\/index.php?rest_route=\/wp\/v2\/users\/3"}],"replies":[{"embeddable":true,"href":"https:\/\/ilsovranista.com\/index.php?rest_route=%2Fwp%2Fv2%2Fcomments&post=3061"}],"version-history":[{"count":1,"href":"https:\/\/ilsovranista.com\/index.php?rest_route=\/wp\/v2\/posts\/3061\/revisions"}],"predecessor-version":[{"id":3063,"href":"https:\/\/ilsovranista.com\/index.php?rest_route=\/wp\/v2\/posts\/3061\/revisions\/3063"}],"wp:featuredmedia":[{"embeddable":true,"href":"https:\/\/ilsovranista.com\/index.php?rest_route=\/wp\/v2\/media\/3062"}],"wp:attachment":[{"href":"https:\/\/ilsovranista.com\/index.php?rest_route=%2Fwp%2Fv2%2Fmedia&parent=3061"}],"wp:term":[{"taxonomy":"category","embeddable":true,"href":"https:\/\/ilsovranista.com\/index.php?rest_route=%2Fwp%2Fv2%2Fcategories&post=3061"},{"taxonomy":"post_tag","embeddable":true,"href":"https:\/\/ilsovranista.com\/index.php?rest_route=%2Fwp%2Fv2%2Ftags&post=3061"}],"curies":[{"name":"wp","href":"https:\/\/api.w.org\/{rel}","templated":true}]}}