{"id":3049,"date":"2025-04-23T05:58:36","date_gmt":"2025-04-23T03:58:36","guid":{"rendered":"https:\/\/ilsovranista.com\/?p=3049"},"modified":"2025-04-23T05:58:36","modified_gmt":"2025-04-23T03:58:36","slug":"sud-la-sfida-possibile-per-superare-il-divario-territoriale-del-bel-paese-lintervista-a-gianni-lepre","status":"publish","type":"post","link":"https:\/\/ilsovranista.com\/?p=3049","title":{"rendered":"Sud, la sfida possibile per superare il divario territoriale del bel paese. L&#8217;intervista a Gianni Lepre"},"content":{"rendered":"<p>E\u2019 uscito da qualche giorno, <strong>Sud la sfida possibile\u00a0<\/strong>il nuovo libro di\u00a0\u00a0<strong>Anna\u00a0<\/strong>e\u00a0<strong>Gianni Lepre,\u00a0<\/strong>edito da\u00a0<strong>Piemne.<\/strong> Un libro di cui consiglio una attenta ed approfondita lettura soprattutto perch\u00e9 questo testo nasce dalla convinzione che superare il divario territoriale tra nord e sud del paese sia, oltre che auspicabile, possibile, oggi pi\u00f9 che mai. In un pomeriggio, di primavera inoltrata, nella bella Mergellina, intervisto il dottore <strong>Gianni Lepre<\/strong> , economista e opinionista tiv\u00f9, al bar pasticceria <strong>Agrillo.\u00a0<\/strong>A fare gli onori di casa \u00e8 il maestro pasticciere\u00a0<strong>Lino Agrillo <\/strong>che ci offre subito un caff\u00e8\u00a0<strong>Passalacqua <\/strong>e una fetta di pastiera. D&#8217;altronde prima di una intervista, \u00e8 giusto rifocillarci un po&#8217;.<\/p>\n<p>&nbsp;<\/p>\n<p>&nbsp;<\/p>\n<p>1) <strong>il tuo libro nasce dalla convinzione che superamento del divario territoriale tra nord e sud sia possibile ma come?<\/strong><\/p>\n<p>Il libro nasce dalla convinzione che superare il divario territoriale tra nord e sud sia possibile. Una convinzione rafforzata da dati, numeri, studi e teorie che vanno in un\u2019unica direzione: comprendere che il \u00abproblema Sud\u00bb non riguarda soltanto il Sud, ma tutta la penisola. L\u2019Italia, infatti, non pu\u00f2 pi\u00f9 permettersi divari economici cos\u00ec rilevanti, che si traducono in minor PIL e quindi minore ricchezza<\/p>\n<p>2) <strong>Quali sono gli strumenti necessari e sufficienti per ridurre il divario?<\/strong><\/p>\n<p>Serve un cambio di paradigma, una nuova visione. Il primo passo \u00e8 guardare al passato, capire da dove nasce questo gap, ribaltare la narrazione che tende a imputarne al Mezzogiorno tutte le colpe. Poi analizzare il presente, prendere atto degli interessi locali che giocano un ruolo negativo per la coesione territoriale, creando politiche discriminanti. Infine guardare al futuro, orientare la volont\u00e0 politica in una nuova direzione e ragionare sui mezzi attualmente disponibili: le strade tracciate dal PNRR, le fonti di finanziamento, il ruolo delle imprese nella rinascita del sud e dell\u2019Italia<\/p>\n<p>3) <strong>Il PNRR e il PNC, a tuo dire, possono essere strumenti necessari e sufficienti a contrastare le <i>disuguaglianze<\/i> territoriali, promuovendo lo sviluppo economico e sociale della regione? Se si in che maniera?<\/strong><\/p>\n<p>Il giusto impegno dei fondi del Pnrr e di quelli complementari potranno servire a colmare solo in minima parte il gap con il Nord, infatti in percentuale la quota di fondi assegnata al Sud 40% supera di poco la percentuale spettante in base alla densit\u00e0 della popolazione, 34%, per il resto ci vogliono politiche che favoriscono le imprese e l&#8217;occupazione dell&#8217;Italia meridionale<\/p>\n<p>4)<strong> nel libro sostieni la tesi, in virtu&#8217; della quale esiste questione meridionale anche perch\u00e9 esiste una questione nazionale. Ci puoi spiegare il perch\u00e9?<\/strong><\/p>\n<p>La questione meridionale riflette le contraddizioni e le incompletezze del processo di costruzione dell&#8217;intera nazione. Le modalit\u00e0 usate per l&#8217;unificazione, le politiche successive, la mancata integrazione prima sociale e poi economica, la persistenza di squilibri strutturali hanno creato un divario che ne impedisce la piena realizzazione di un&#8217;identit\u00e0 nazionale coesa e di uno sviluppo armonico per tutto il paese. Per risolvere la questione meridionale bisogna affrontare i nodi cruciali della questione nazionale, ripensando modelli di sviluppo, politiche di coesione e una narrazione nazionale che riconosca e valorizzi le specificit\u00e0 di tutti.<\/p>\n<p>5)\u00a0<strong>Che ruolo possono avere imprese e professionisti per colmare questo gap?\u00a0<\/strong><\/p>\n<p>Ovviamente le imprese, supportate dai professionisti, avranno un ruolo di primaria importanza nel riscatto del Sud, tant&#8217;\u00e8 che tutti i numeri degli ultimi periodi ci parlano di una forbice che si stringe. Tuttavia, \u00e8 importante sottolineare che l&#8217;azione di imprese e professionisti da sola non \u00e8 sufficiente. \u00c8 necessario un quadro istituzionale e politico che supporti e incentivi le iniziative, attraverso politiche di coesione efficaci, investimenti in infrastrutture, semplificazione burocratica, lotta alla criminalit\u00e0 organizzata e un sistema fiscale pi\u00f9 equo con fiscalit\u00e0 di vantaggio e sgravi contributivi per le imprese del Sud. In conclusione, imprese e professionisti del Sud, con il loro voglia di fare, la loro creativit\u00e0 e la loro capacit\u00e0 di innovare, rappresentano un motore essenziale per colmare il divario con il Nord. Il loro ruolo, per\u00f2 deve essere adeguatamente supportato e valorizzato, per contribuire in modo significativo alla crescita economica, alla creazione di opportunit\u00e0 e al miglioramento della qualit\u00e0 della vita nel Mezzogiorno, rafforzando l&#8217;intero asse italico.<\/p>\n<p>&nbsp;<\/p>\n","protected":false},"excerpt":{"rendered":"<p>E\u2019 uscito da qualche giorno, Sud la sfida possibile\u00a0il nuovo libro di\u00a0\u00a0Anna\u00a0e\u00a0Gianni Lepre,\u00a0edito da\u00a0Piemne. Un libro di cui consiglio una attenta ed approfondita lettura soprattutto perch\u00e9 questo testo nasce dalla convinzione che superare il divario territoriale tra nord e sud del paese sia, oltre che auspicabile, possibile, oggi pi\u00f9 che mai. In un pomeriggio, di [&hellip;]<\/p>\n","protected":false},"author":3,"featured_media":3053,"comment_status":"open","ping_status":"closed","sticky":false,"template":"","format":"standard","meta":{"om_disable_all_campaigns":false,"_monsterinsights_skip_tracking":false,"_monsterinsights_sitenote_active":false,"_monsterinsights_sitenote_note":"","_monsterinsights_sitenote_category":0,"_uf_show_specific_survey":0,"_uf_disable_surveys":false,"footnotes":""},"categories":[37],"tags":[],"class_list":{"0":"post-3049","1":"post","2":"type-post","3":"status-publish","4":"format-standard","5":"has-post-thumbnail","7":"category-battaglia-culturale"},"aioseo_notices":[],"_links":{"self":[{"href":"https:\/\/ilsovranista.com\/index.php?rest_route=\/wp\/v2\/posts\/3049","targetHints":{"allow":["GET"]}}],"collection":[{"href":"https:\/\/ilsovranista.com\/index.php?rest_route=\/wp\/v2\/posts"}],"about":[{"href":"https:\/\/ilsovranista.com\/index.php?rest_route=\/wp\/v2\/types\/post"}],"author":[{"embeddable":true,"href":"https:\/\/ilsovranista.com\/index.php?rest_route=\/wp\/v2\/users\/3"}],"replies":[{"embeddable":true,"href":"https:\/\/ilsovranista.com\/index.php?rest_route=%2Fwp%2Fv2%2Fcomments&post=3049"}],"version-history":[{"count":3,"href":"https:\/\/ilsovranista.com\/index.php?rest_route=\/wp\/v2\/posts\/3049\/revisions"}],"predecessor-version":[{"id":3054,"href":"https:\/\/ilsovranista.com\/index.php?rest_route=\/wp\/v2\/posts\/3049\/revisions\/3054"}],"wp:featuredmedia":[{"embeddable":true,"href":"https:\/\/ilsovranista.com\/index.php?rest_route=\/wp\/v2\/media\/3053"}],"wp:attachment":[{"href":"https:\/\/ilsovranista.com\/index.php?rest_route=%2Fwp%2Fv2%2Fmedia&parent=3049"}],"wp:term":[{"taxonomy":"category","embeddable":true,"href":"https:\/\/ilsovranista.com\/index.php?rest_route=%2Fwp%2Fv2%2Fcategories&post=3049"},{"taxonomy":"post_tag","embeddable":true,"href":"https:\/\/ilsovranista.com\/index.php?rest_route=%2Fwp%2Fv2%2Ftags&post=3049"}],"curies":[{"name":"wp","href":"https:\/\/api.w.org\/{rel}","templated":true}]}}