{"id":3046,"date":"2025-04-22T19:20:12","date_gmt":"2025-04-22T17:20:12","guid":{"rendered":"https:\/\/ilsovranista.com\/?p=3046"},"modified":"2025-04-22T19:20:12","modified_gmt":"2025-04-22T17:20:12","slug":"funivia-del-faito-nappi-lega-amato-in-lacrime-di-coccodrillo","status":"publish","type":"post","link":"https:\/\/ilsovranista.com\/?p=3046","title":{"rendered":"Funivia del Faito, Nappi (Lega):  Amato in lacrime\u2026 di coccodrillo"},"content":{"rendered":"<p>\u201cLe lacrime di coccodrillo piante nell\u2019Aula della Camera dal parlamentare e attore G<strong>aetano Amato<\/strong> sono l\u2019ennesima dimostrazione non solo di quanto siano conniventi M5S e Pd &#8211; sempre pi\u00f9 alle prese con le prove tecniche delle intese politico-elettorali &#8211; nel malgoverno di questa regione, ma di\u00a0un\u2019indegna speculazione\u00a0tanto che si cerca di addossare a Matteo Salvini le responsabilit\u00e0 di una vicenda drammatica, che attiene esclusivamente alla gestione di Palazzo Santa Lucia e di Eav. Vogliamo ricordare che il vicepremier e titolare del Mit, non solo \u00e8 stato tra i primi ad esprimere dolore e cordoglio per le vittime, ma si \u00e8 attivato fin da subito perch\u00e9 si arrivi in tempi rapidi ad approfondire tutti gli aspetti di questa tragedia e ad accertare eventuali responsabilit\u00e0. Per quanto riguarda le verifiche sulla Funivia del Faito, sono state condotte dagli ispettori di\u00a0Ansfisa\u00a0 a marzo del 2024, come prevede la normativa vigente che stabilisce l\u2019obbligo di ispezioni dirette sugli impianti ogni 3 anni. Mentre relativamente ai controlli del 2025, sempre in linea con quanto prevedono i regolamenti, Eav ha trasmesso ad\u00a0Ansfisa,\u00a0lo scorso 8 aprile &#8211; due giorni prima della ripartenza del servizio della Funivia &#8211; tutta la documentazione necessaria, accompagnata da apposite relazioni firmate dal direttore di Esercizio, che asserisce con fermezza la piena idoneit\u00e0 dell\u2019impianto alla prosecuzione dell\u2019attivit\u00e0 in sicurezza\u201d.<\/p>\n<p>Lo afferma <strong>Severino Nappi,<\/strong> capogruppo della Lega in Consiglio regionale e vice coordinatore del partito in Campania.<\/p>\n","protected":false},"excerpt":{"rendered":"<p>\u201cLe lacrime di coccodrillo piante nell\u2019Aula della Camera dal parlamentare e attore Gaetano Amato sono l\u2019ennesima dimostrazione non solo di quanto siano conniventi M5S e Pd &#8211; sempre pi\u00f9 alle prese con le prove tecniche delle intese politico-elettorali &#8211; nel malgoverno di questa regione, ma di\u00a0un\u2019indegna speculazione\u00a0tanto che si cerca di addossare a Matteo Salvini [&hellip;]<\/p>\n","protected":false},"author":3,"featured_media":3047,"comment_status":"open","ping_status":"closed","sticky":false,"template":"","format":"standard","meta":{"om_disable_all_campaigns":false,"_monsterinsights_skip_tracking":false,"_monsterinsights_sitenote_active":false,"_monsterinsights_sitenote_note":"","_monsterinsights_sitenote_category":0,"_uf_show_specific_survey":0,"_uf_disable_surveys":false,"footnotes":""},"categories":[36],"tags":[],"class_list":{"0":"post-3046","1":"post","2":"type-post","3":"status-publish","4":"format-standard","5":"has-post-thumbnail","7":"category-prima-i-territori"},"aioseo_notices":[],"_links":{"self":[{"href":"https:\/\/ilsovranista.com\/index.php?rest_route=\/wp\/v2\/posts\/3046","targetHints":{"allow":["GET"]}}],"collection":[{"href":"https:\/\/ilsovranista.com\/index.php?rest_route=\/wp\/v2\/posts"}],"about":[{"href":"https:\/\/ilsovranista.com\/index.php?rest_route=\/wp\/v2\/types\/post"}],"author":[{"embeddable":true,"href":"https:\/\/ilsovranista.com\/index.php?rest_route=\/wp\/v2\/users\/3"}],"replies":[{"embeddable":true,"href":"https:\/\/ilsovranista.com\/index.php?rest_route=%2Fwp%2Fv2%2Fcomments&post=3046"}],"version-history":[{"count":1,"href":"https:\/\/ilsovranista.com\/index.php?rest_route=\/wp\/v2\/posts\/3046\/revisions"}],"predecessor-version":[{"id":3048,"href":"https:\/\/ilsovranista.com\/index.php?rest_route=\/wp\/v2\/posts\/3046\/revisions\/3048"}],"wp:featuredmedia":[{"embeddable":true,"href":"https:\/\/ilsovranista.com\/index.php?rest_route=\/wp\/v2\/media\/3047"}],"wp:attachment":[{"href":"https:\/\/ilsovranista.com\/index.php?rest_route=%2Fwp%2Fv2%2Fmedia&parent=3046"}],"wp:term":[{"taxonomy":"category","embeddable":true,"href":"https:\/\/ilsovranista.com\/index.php?rest_route=%2Fwp%2Fv2%2Fcategories&post=3046"},{"taxonomy":"post_tag","embeddable":true,"href":"https:\/\/ilsovranista.com\/index.php?rest_route=%2Fwp%2Fv2%2Ftags&post=3046"}],"curies":[{"name":"wp","href":"https:\/\/api.w.org\/{rel}","templated":true}]}}