{"id":3042,"date":"2025-04-22T19:07:58","date_gmt":"2025-04-22T17:07:58","guid":{"rendered":"https:\/\/ilsovranista.com\/?p=3042"},"modified":"2025-04-22T19:11:25","modified_gmt":"2025-04-22T17:11:25","slug":"ne-partito-ne-camerati-la-marcia-indietro-del-generale-vannacci","status":"publish","type":"post","link":"https:\/\/ilsovranista.com\/?p=3042","title":{"rendered":"N\u00e9 partito n\u00e9 camerati. La marcia (indietro) del generale Vannacci"},"content":{"rendered":"<div id=\"m11902-11901-11903\" class=\"content \">\n<p>di Fabrizio Roncone<\/p>\n<p>Fonte Sette Corriere della Sera<\/p>\n<p class=\"chapter-paragraph\"><b>Che gli si pu\u00f2 dire a quel furbacchione del camerata Vannacci? Ci ha fregati alla grande.\u00a0<\/b>Punto. Per lunghi mesi, siamo stati tutti l\u00ec a credere che avesse intenzione di fondare un partito per mettersi alla guida di pericolose falangi nere. Tra retroscena sulfurei e interviste allusive, abbiamo immaginato che questo generale della Folgore avrebbe marciato spavaldo alla conquista del Parlamento, un po\u2019 anche sospettando, o proprio temendo, che poi gli venisse lo sghiribizzo di trasformarlo in un bivacco di manipoli (cit). Intendiamoci: non siamo fessi, gli indizi erano numerosi, e piuttosto concreti. Intanto, l\u2019associazione culturale che pensavamo si sarebbe strutturata, diventando qualcosa di ben pi\u00f9 grande,\u00a0<i>Il mondo al contrario<\/i>, prende il nome dal titolo del suo libro di lugubre e strepitoso successo. Un testo omofobo e razzista, sessista e, in alcuni passaggi, esplicitamente pure un bel po\u2019 fascio: ma che quasi un milione di italiani hanno deciso di acquistare. Alla met\u00e0 di loro, il pamphlet poi piace talmente tanto, che quando Matteo Salvini \u2013 temendo l\u2019ennesimo tracollo elettorale \u2013 decide di candidare il generale alle Europee come indipendente, sono tutti l\u00ec pronti a votarlo. \u00c8 un trionfo. Salvini salva le penne, ma Vannacci, ormai a Strasburgo, diventa una possibile star.<\/p>\n<\/div>\n<div id=\"m11907-11906-11908\" class=\"content \">\n<p class=\"chapter-paragraph\"><b>Generale, fonda un partito? Lui allora ammicca e inizia con le citazioni della X Flottiglia Mas\u00a0<\/b>(e mentre lui incrocia gli indici per evocarla, nessuno pensa certo agli eroi del porto d\u2019Alessandria d\u2019Egitto: ma agli infami che aderirono alla Repubblica di Sal\u00f2, per andare ad aiutare i nazisti a strappare le unghie ai partigiani e ad impiccarli agli alberi pi\u00f9 alti dei paesi). E poi dice che adora farsi chiamare proprio cos\u00ec: camerata Vannacci. Insomma, i segnali che fosse pronto a farsi un partituccio tutto suo di estrema destra sembravano espliciti. E invece che fa, il generale? S\u2019accuccia nella Lega. Prende la tessera e si prenota per diventare uno dei quattro vice di Salvini. I camerati del suo movimento insorgono. Traditore! Peggio di Badoglio! Vannacci sorride (avete presente il sorrisetto irridente di quando s\u2019infila la sua vestaglietta fru fru?). Poi dice: \u00abMe ne frego!\u00bb. Ma ormai \u00e8 un trucco che non funziona pi\u00f9. Il generale \u00e8 come tanti altri. Tutto chiacchiere e conto corrente.<\/p>\n<\/div>\n","protected":false},"excerpt":{"rendered":"<p>di Fabrizio Roncone Fonte Sette Corriere della Sera Che gli si pu\u00f2 dire a quel furbacchione del camerata Vannacci? Ci ha fregati alla grande.\u00a0Punto. Per lunghi mesi, siamo stati tutti l\u00ec a credere che avesse intenzione di fondare un partito per mettersi alla guida di pericolose falangi nere. Tra retroscena sulfurei e interviste allusive, abbiamo [&hellip;]<\/p>\n","protected":false},"author":3,"featured_media":3044,"comment_status":"open","ping_status":"closed","sticky":false,"template":"","format":"standard","meta":{"om_disable_all_campaigns":false,"_monsterinsights_skip_tracking":false,"_monsterinsights_sitenote_active":false,"_monsterinsights_sitenote_note":"","_monsterinsights_sitenote_category":0,"_uf_show_specific_survey":0,"_uf_disable_surveys":false,"footnotes":""},"categories":[33],"tags":[],"class_list":{"0":"post-3042","1":"post","2":"type-post","3":"status-publish","4":"format-standard","5":"has-post-thumbnail","7":"category-politica"},"aioseo_notices":[],"_links":{"self":[{"href":"https:\/\/ilsovranista.com\/index.php?rest_route=\/wp\/v2\/posts\/3042","targetHints":{"allow":["GET"]}}],"collection":[{"href":"https:\/\/ilsovranista.com\/index.php?rest_route=\/wp\/v2\/posts"}],"about":[{"href":"https:\/\/ilsovranista.com\/index.php?rest_route=\/wp\/v2\/types\/post"}],"author":[{"embeddable":true,"href":"https:\/\/ilsovranista.com\/index.php?rest_route=\/wp\/v2\/users\/3"}],"replies":[{"embeddable":true,"href":"https:\/\/ilsovranista.com\/index.php?rest_route=%2Fwp%2Fv2%2Fcomments&post=3042"}],"version-history":[{"count":1,"href":"https:\/\/ilsovranista.com\/index.php?rest_route=\/wp\/v2\/posts\/3042\/revisions"}],"predecessor-version":[{"id":3045,"href":"https:\/\/ilsovranista.com\/index.php?rest_route=\/wp\/v2\/posts\/3042\/revisions\/3045"}],"wp:featuredmedia":[{"embeddable":true,"href":"https:\/\/ilsovranista.com\/index.php?rest_route=\/wp\/v2\/media\/3044"}],"wp:attachment":[{"href":"https:\/\/ilsovranista.com\/index.php?rest_route=%2Fwp%2Fv2%2Fmedia&parent=3042"}],"wp:term":[{"taxonomy":"category","embeddable":true,"href":"https:\/\/ilsovranista.com\/index.php?rest_route=%2Fwp%2Fv2%2Fcategories&post=3042"},{"taxonomy":"post_tag","embeddable":true,"href":"https:\/\/ilsovranista.com\/index.php?rest_route=%2Fwp%2Fv2%2Ftags&post=3042"}],"curies":[{"name":"wp","href":"https:\/\/api.w.org\/{rel}","templated":true}]}}