{"id":3004,"date":"2025-04-16T12:12:59","date_gmt":"2025-04-16T10:12:59","guid":{"rendered":"https:\/\/ilsovranista.com\/?p=3004"},"modified":"2025-04-16T12:12:59","modified_gmt":"2025-04-16T10:12:59","slug":"rogo-di-primavalle-la-fiamma-tricolore-ricorda-i-fratelli-mattei","status":"publish","type":"post","link":"https:\/\/ilsovranista.com\/?p=3004","title":{"rendered":"Rogo di Primavalle, la Fiamma Tricolore ricorda i fratelli Mattei"},"content":{"rendered":"<p>Oggi ricorre il cinquantadueesimo anniversario del rogo di Primavalle, nel quale persero la vita, arsi vivi Virgilio e Stefano Mattei, innocenti vittime degli anni di piombo, figlio di Mario, segretario dellalocale sezione del Movimento Socialr Italiano.<\/p>\n<p>In memoria di\u00a0<strong>Stefano\u00a0<\/strong>e\u00a0<strong>Virgilio Mattei,\u00a0<\/strong>pubblichiamo integralmente una nota, diffusa alla stampa, dalla Fiamma Tricolore<\/p>\n<p>16 APRILE 1973: IL PASSATO NON SI DIMENTICA<\/p>\n<p style=\"text-align: left;\">Virgilio e Stefano Mattei, sono questi i nomi delle vittime del Rogo di Primavalle, un attentato incendiario posto in essere la notte del 16 aprile 1973 da appartenenti a Potere Operaio che ha colpito la casa, e quindi la famiglia, del dirigente missino Mario Mattei, il quale riusc\u00ec a scappare gettandosi dal balcone.<br \/>\nQuesto rappresenta solo uno delle decine di episodi nei quali militanti missini hanno rischiato di perdere, o purtroppo perso, la loro vita, solo perch\u00e9 esposti politicamente, e portatori di idee scomode per un sistema retto da valori contrari a quelle idee.<br \/>\nAncora oggi, dopo cinquantadue anni, ci sono nubi sull&#8217;accaduto, ma una cosa \u00e8 chiara: la responsabilit\u00e0 \u00e8 dell&#8217;odio rosso che ha infangato decenni di Prima Repubblica, e del silenzio complice che lo ha accompagnato.<br \/>\nUn silenzio che \u00e8 stato protagonista di tante, troppe pagine di una Storia troppo spesso narrata a senso unico \u00e8 manipolata da chi ha avuto interesse, e lo ha ancora oggi, a far passare alcuni per costantemente buoni ed altri per eternamente cattivi.<br \/>\nNoi, unici eredi politici del Movimento Sociale Italiano, pienamente consapevoli di ci\u00f2, rendiamo omaggio alla memoria dei fratelli Mattei, continuando, anche nel loro nome, a difendere il nostro sacro ideale.<\/p>\n","protected":false},"excerpt":{"rendered":"<p>Oggi ricorre il cinquantadueesimo anniversario del rogo di Primavalle, nel quale persero la vita, arsi vivi Virgilio e Stefano Mattei, innocenti vittime degli anni di piombo, figlio di Mario, segretario dellalocale sezione del Movimento Socialr Italiano. In memoria di\u00a0Stefano\u00a0e\u00a0Virgilio Mattei,\u00a0pubblichiamo integralmente una nota, diffusa alla stampa, dalla Fiamma Tricolore 16 APRILE 1973: IL PASSATO NON [&hellip;]<\/p>\n","protected":false},"author":3,"featured_media":3005,"comment_status":"open","ping_status":"closed","sticky":false,"template":"","format":"standard","meta":{"om_disable_all_campaigns":false,"_monsterinsights_skip_tracking":false,"_monsterinsights_sitenote_active":false,"_monsterinsights_sitenote_note":"","_monsterinsights_sitenote_category":0,"_uf_show_specific_survey":0,"_uf_disable_surveys":false,"footnotes":""},"categories":[33],"tags":[],"class_list":{"0":"post-3004","1":"post","2":"type-post","3":"status-publish","4":"format-standard","5":"has-post-thumbnail","7":"category-politica"},"aioseo_notices":[],"_links":{"self":[{"href":"https:\/\/ilsovranista.com\/index.php?rest_route=\/wp\/v2\/posts\/3004","targetHints":{"allow":["GET"]}}],"collection":[{"href":"https:\/\/ilsovranista.com\/index.php?rest_route=\/wp\/v2\/posts"}],"about":[{"href":"https:\/\/ilsovranista.com\/index.php?rest_route=\/wp\/v2\/types\/post"}],"author":[{"embeddable":true,"href":"https:\/\/ilsovranista.com\/index.php?rest_route=\/wp\/v2\/users\/3"}],"replies":[{"embeddable":true,"href":"https:\/\/ilsovranista.com\/index.php?rest_route=%2Fwp%2Fv2%2Fcomments&post=3004"}],"version-history":[{"count":1,"href":"https:\/\/ilsovranista.com\/index.php?rest_route=\/wp\/v2\/posts\/3004\/revisions"}],"predecessor-version":[{"id":3006,"href":"https:\/\/ilsovranista.com\/index.php?rest_route=\/wp\/v2\/posts\/3004\/revisions\/3006"}],"wp:featuredmedia":[{"embeddable":true,"href":"https:\/\/ilsovranista.com\/index.php?rest_route=\/wp\/v2\/media\/3005"}],"wp:attachment":[{"href":"https:\/\/ilsovranista.com\/index.php?rest_route=%2Fwp%2Fv2%2Fmedia&parent=3004"}],"wp:term":[{"taxonomy":"category","embeddable":true,"href":"https:\/\/ilsovranista.com\/index.php?rest_route=%2Fwp%2Fv2%2Fcategories&post=3004"},{"taxonomy":"post_tag","embeddable":true,"href":"https:\/\/ilsovranista.com\/index.php?rest_route=%2Fwp%2Fv2%2Ftags&post=3004"}],"curies":[{"name":"wp","href":"https:\/\/api.w.org\/{rel}","templated":true}]}}