{"id":3001,"date":"2025-04-16T05:59:15","date_gmt":"2025-04-16T03:59:15","guid":{"rendered":"https:\/\/ilsovranista.com\/?p=3001"},"modified":"2025-04-16T05:59:15","modified_gmt":"2025-04-16T03:59:15","slug":"regionali-2025-rotondi-replica-a-forza-italia-la-dc-ci-sara","status":"publish","type":"post","link":"https:\/\/ilsovranista.com\/?p=3001","title":{"rendered":"Regionali 2025, Rotondi replica a Forza Italia: la Dc ci sar\u00e0"},"content":{"rendered":"<p>&#8220;La Dc ci sar\u00e0, se al centrodestra non serve, a perdere siamo bravi anche da soli&#8221;. Cos\u00ec <strong>Gianfranco Rotondi<\/strong>, deputato eletto in quota Fratelli d&#8217;Italia,\u00a0 presidente della <strong>Dc<\/strong>, conferma la presenza elettorale della Dc alle elezioni regionali in Campania, anche nel caso in cui il centrodestra dovesse scegliere, come proposto ieri da Forza Italia, di farlo con sole tre liste.<\/p>\n<p class=\"art-text\"><strong>Rotondi<\/strong> commenta all&#8217;Adnkronos che &#8220;la proposta azzurra \u00e8 irricevibile. Ho risposto a Forza Italia che non se ne parla nemmeno, n\u00e9 in Campania, n\u00e9 in altre regioni&#8221;. &#8220;Alla fine si \u00e8 voluta sopprimere la storica gamba democristiana del centrodestra, profittando di rivalit\u00e0 e gelosie dei piccoli partiti che la rappresentano. Magari l&#8217;operazione \u00e8 riuscita ma non sar\u00e0 un affare per il centrodestra&#8221;.<\/p>\n<p class=\"art-text\">Perch\u00e9? &#8220;La cultura democristiana, conclude Rotondi, \u00e8 il riferimento della classe dirigente di questo Paese, orienta pi\u00f9 voti di quanti ne conseguono i piccoli partiti democristiani rimasti in campo, ma la nostra presenza \u00e8 un richiamo di attenzione a cui non a caso il centrodestra non ha mai rinunciato&#8221;<\/p>\n","protected":false},"excerpt":{"rendered":"<p>&#8220;La Dc ci sar\u00e0, se al centrodestra non serve, a perdere siamo bravi anche da soli&#8221;. Cos\u00ec Gianfranco Rotondi, deputato eletto in quota Fratelli d&#8217;Italia,\u00a0 presidente della Dc, conferma la presenza elettorale della Dc alle elezioni regionali in Campania, anche nel caso in cui il centrodestra dovesse scegliere, come proposto ieri da Forza Italia, di [&hellip;]<\/p>\n","protected":false},"author":3,"featured_media":3002,"comment_status":"open","ping_status":"closed","sticky":false,"template":"","format":"standard","meta":{"om_disable_all_campaigns":false,"_monsterinsights_skip_tracking":false,"_monsterinsights_sitenote_active":false,"_monsterinsights_sitenote_note":"","_monsterinsights_sitenote_category":0,"_uf_show_specific_survey":0,"_uf_disable_surveys":false,"footnotes":""},"categories":[33],"tags":[],"class_list":{"0":"post-3001","1":"post","2":"type-post","3":"status-publish","4":"format-standard","5":"has-post-thumbnail","7":"category-politica"},"aioseo_notices":[],"_links":{"self":[{"href":"https:\/\/ilsovranista.com\/index.php?rest_route=\/wp\/v2\/posts\/3001","targetHints":{"allow":["GET"]}}],"collection":[{"href":"https:\/\/ilsovranista.com\/index.php?rest_route=\/wp\/v2\/posts"}],"about":[{"href":"https:\/\/ilsovranista.com\/index.php?rest_route=\/wp\/v2\/types\/post"}],"author":[{"embeddable":true,"href":"https:\/\/ilsovranista.com\/index.php?rest_route=\/wp\/v2\/users\/3"}],"replies":[{"embeddable":true,"href":"https:\/\/ilsovranista.com\/index.php?rest_route=%2Fwp%2Fv2%2Fcomments&post=3001"}],"version-history":[{"count":1,"href":"https:\/\/ilsovranista.com\/index.php?rest_route=\/wp\/v2\/posts\/3001\/revisions"}],"predecessor-version":[{"id":3003,"href":"https:\/\/ilsovranista.com\/index.php?rest_route=\/wp\/v2\/posts\/3001\/revisions\/3003"}],"wp:featuredmedia":[{"embeddable":true,"href":"https:\/\/ilsovranista.com\/index.php?rest_route=\/wp\/v2\/media\/3002"}],"wp:attachment":[{"href":"https:\/\/ilsovranista.com\/index.php?rest_route=%2Fwp%2Fv2%2Fmedia&parent=3001"}],"wp:term":[{"taxonomy":"category","embeddable":true,"href":"https:\/\/ilsovranista.com\/index.php?rest_route=%2Fwp%2Fv2%2Fcategories&post=3001"},{"taxonomy":"post_tag","embeddable":true,"href":"https:\/\/ilsovranista.com\/index.php?rest_route=%2Fwp%2Fv2%2Ftags&post=3001"}],"curies":[{"name":"wp","href":"https:\/\/api.w.org\/{rel}","templated":true}]}}