{"id":2984,"date":"2025-04-15T17:14:19","date_gmt":"2025-04-15T15:14:19","guid":{"rendered":"https:\/\/ilsovranista.com\/?p=2984"},"modified":"2025-04-15T17:14:19","modified_gmt":"2025-04-15T15:14:19","slug":"giovanni-gentile-giuli-giusto-intitolare-un-luogo-pubblico-a-firenze-al-grande-filosofo","status":"publish","type":"post","link":"https:\/\/ilsovranista.com\/?p=2984","title":{"rendered":"Giovanni Gentile, Giuli: \u201cGiusto intitolare un luogo pubblico a Firenze al grande filosofo\u201d"},"content":{"rendered":"<p>\u201c<i>Che a\u00a0<b>Giovanni Gentile<\/b>\u00a0venga intestato un luogo pubblico nella citt\u00e0 di Firenze \u2013\u00a0<\/i>dove il filosofo \u00e8 stato ucciso dai Gap proprio il 15 aprile, del 1944<i>\u00a0\u2013 \u00e8 un fatto di pura laicit\u00e0 politica e culturale. Gentile eccede le ideologie ed \u00e8 il momento di riconoscere che la sua statura \u00e8 quella di un classico. Gli istituti da lui fondati costituiscono un patrimonio culturale universalmente riconosciuto: l\u2019Enciclopedia italiana, di cui quest\u2019anno si \u00e8 festeggiato il centenario, l\u2019Istituto di Studi Germanici, di cui fu primo presidente nel 1932, l&#8217;Istituto Italiano di Studi per il Medio ed Estremo Oriente e poi la riforma scolastica del 1923, la quale, con i necessari aggiornamenti, ha retto il sistema educativo italiano fino ad oggi. La filosofia gentiliana inoltre \u00e8 stato uno spazio pensante e originale dell\u2019hegelismo, rielaborata da filosofi liberalsocialisti e marxisti che hanno riconosciuto il debito teorico con il padre dell&#8217;Attualismo. Una filosofia che\u00a0<b>Emanuele Severino<\/b>\u00a0ebbe a definire \u2018tra le forme pi\u00f9 potenti del pensiero del nostro tempo\u2019. Giovanni Gentile \u00e8 stato un classico della cultura europea e uno straordinario organizzatore culturale da cui tutti, a destra e sinistra, hanno attinto. Il suo ruolo politico \u00e8 naturalmente motivo di discussione e controversie, ed \u00e8 giusto che sia cos\u00ec, ma solo chi \u00e8 accecato dal furore ideologico pu\u00f2 negare a Gentile di aver svolto lo scomodo ruolo, nelle tragiche condizioni possibili dell\u2019epoca, di mediazione e moderazione, battendosi per la riconciliazione nazionale nel mezzo di una guerra civile. Cos\u00ec attirandosi odio e incomprensione da ogni parte. Negare oggi a Giovanni Gentile l\u2019intitolazione di un luogo pubblico \u00e8 dunque un atto neoprimitivo, significa rifiutarsi di storicizzare, vuol dire negare la cultura e sottometterla all\u2019ideologia<\/i>\u201d.<\/p>\n<p>Lo dichiara in una nota il Ministro della Cultura,\u00a0<b>Alessandro Giuli<\/b>.<\/p>\n","protected":false},"excerpt":{"rendered":"<p>\u201cChe a\u00a0Giovanni Gentile\u00a0venga intestato un luogo pubblico nella citt\u00e0 di Firenze \u2013\u00a0dove il filosofo \u00e8 stato ucciso dai Gap proprio il 15 aprile, del 1944\u00a0\u2013 \u00e8 un fatto di pura laicit\u00e0 politica e culturale. Gentile eccede le ideologie ed \u00e8 il momento di riconoscere che la sua statura \u00e8 quella di un classico. Gli istituti [&hellip;]<\/p>\n","protected":false},"author":3,"featured_media":2985,"comment_status":"open","ping_status":"closed","sticky":false,"template":"","format":"standard","meta":{"om_disable_all_campaigns":false,"_monsterinsights_skip_tracking":false,"_monsterinsights_sitenote_active":false,"_monsterinsights_sitenote_note":"","_monsterinsights_sitenote_category":0,"_uf_show_specific_survey":0,"_uf_disable_surveys":false,"footnotes":""},"categories":[33],"tags":[],"class_list":{"0":"post-2984","1":"post","2":"type-post","3":"status-publish","4":"format-standard","5":"has-post-thumbnail","7":"category-politica"},"aioseo_notices":[],"_links":{"self":[{"href":"https:\/\/ilsovranista.com\/index.php?rest_route=\/wp\/v2\/posts\/2984","targetHints":{"allow":["GET"]}}],"collection":[{"href":"https:\/\/ilsovranista.com\/index.php?rest_route=\/wp\/v2\/posts"}],"about":[{"href":"https:\/\/ilsovranista.com\/index.php?rest_route=\/wp\/v2\/types\/post"}],"author":[{"embeddable":true,"href":"https:\/\/ilsovranista.com\/index.php?rest_route=\/wp\/v2\/users\/3"}],"replies":[{"embeddable":true,"href":"https:\/\/ilsovranista.com\/index.php?rest_route=%2Fwp%2Fv2%2Fcomments&post=2984"}],"version-history":[{"count":1,"href":"https:\/\/ilsovranista.com\/index.php?rest_route=\/wp\/v2\/posts\/2984\/revisions"}],"predecessor-version":[{"id":2986,"href":"https:\/\/ilsovranista.com\/index.php?rest_route=\/wp\/v2\/posts\/2984\/revisions\/2986"}],"wp:featuredmedia":[{"embeddable":true,"href":"https:\/\/ilsovranista.com\/index.php?rest_route=\/wp\/v2\/media\/2985"}],"wp:attachment":[{"href":"https:\/\/ilsovranista.com\/index.php?rest_route=%2Fwp%2Fv2%2Fmedia&parent=2984"}],"wp:term":[{"taxonomy":"category","embeddable":true,"href":"https:\/\/ilsovranista.com\/index.php?rest_route=%2Fwp%2Fv2%2Fcategories&post=2984"},{"taxonomy":"post_tag","embeddable":true,"href":"https:\/\/ilsovranista.com\/index.php?rest_route=%2Fwp%2Fv2%2Ftags&post=2984"}],"curies":[{"name":"wp","href":"https:\/\/api.w.org\/{rel}","templated":true}]}}