{"id":2961,"date":"2025-04-13T20:38:15","date_gmt":"2025-04-13T18:38:15","guid":{"rendered":"https:\/\/ilsovranista.com\/?p=2961"},"modified":"2025-04-13T20:38:15","modified_gmt":"2025-04-13T18:38:15","slug":"veneto-dalla-lega-a-fratelli-ditalia-lultimo-approdo-del-consigliere-rizzotto","status":"publish","type":"post","link":"https:\/\/ilsovranista.com\/?p=2961","title":{"rendered":"Veneto, dalla Lega a Fratelli d&#8217;Italia: l&#8217;ultimo approdo del consigliere Rizzotto"},"content":{"rendered":"<p><strong>Silvia Rizzotto,\u00a0<\/strong>consigliere regionale eletto nella lista\u00a0<strong>Zaia\u00a0<\/strong>nella circoscrizione di Treviso con oltre 7 mila preferenze scende dal Carroccio e aderisce a Fratelli d&#8217;Italia.<\/p>\n<p>Laureata in economia aziendale all\u2019Universit\u00e0 Ca&#8217; Foscari di Venezia, Rizzotto \u00e8 una professionista stimata nell\u2019ambito della consulenza contabile e fiscale oltre che amministratrice di lungo corso avendo avviato la propria carriera politica nel 1995. Gi\u00e0 sindaco di Altivole dal 2004 al 2014, nel 2015 \u00e8 entrata in Consiglio regionale con il ruolo di Capogruppo per la Lista Zaia Presidente, mentre post rielezione del 2020 \u00e8 stata eletta Presidente della Seconda Commissione, politiche del territorio, infrastrutture, trasporti e lavori pubblici, politiche dell&#8217;ambiente, difesa del suolo, cave, torbiere e miniere, oltre che Componente della Giunta per il Regolamento.<\/p>\n<p>Dopo anni di impegno nelle fila della Lega Rizzotto ha per\u00f2 scelto di condividere i valori, i progetti e la visione politica lungimirante del partito guidato dalla Premier Giorgia Meloni. Una scelta, maturata con responsabilit\u00e0 e spirito di servizio verso il territorio e i cittadini, che conferma la capacit\u00e0 attrattiva di Fratelli d\u2019Italia nei confronti di chi riconosce nel partito meloniano chiarezza d\u2019intenti e radicamento nei veri valori del centrodestra.<\/p>\n<p>&#8220;La Lega,\u00a0 dichiara Rizzotto, ormai da tempo, ha deciso di abbandonare i suoi valori che riscontro invece in Fratelli d\u2019Italia a cui ho deciso di aderire dopo lunghe e costanti interlocuzioni con i vertici del partito ed una profonda riflessione sui principi ed i programmi. Anche perch\u00e9 in FDI apprezzo in particolare la leadership di una donna forte ed autorevole come Giorgia Meloni, cos\u00ec come la sua capacit\u00e0 di operare con seriet\u00e0 in politica interna ed estera agendo sempre nell&#8217;interesse nazionale. Un vero leader, non un\u2019etichetta sul simbolo del partito&#8221;.<\/p>\n<p>&nbsp;<\/p>\n","protected":false},"excerpt":{"rendered":"<p>Silvia Rizzotto,\u00a0consigliere regionale eletto nella lista\u00a0Zaia\u00a0nella circoscrizione di Treviso con oltre 7 mila preferenze scende dal Carroccio e aderisce a Fratelli d&#8217;Italia. Laureata in economia aziendale all\u2019Universit\u00e0 Ca&#8217; Foscari di Venezia, Rizzotto \u00e8 una professionista stimata nell\u2019ambito della consulenza contabile e fiscale oltre che amministratrice di lungo corso avendo avviato la propria carriera politica nel [&hellip;]<\/p>\n","protected":false},"author":3,"featured_media":2962,"comment_status":"open","ping_status":"closed","sticky":false,"template":"","format":"standard","meta":{"om_disable_all_campaigns":false,"_monsterinsights_skip_tracking":false,"_monsterinsights_sitenote_active":false,"_monsterinsights_sitenote_note":"","_monsterinsights_sitenote_category":0,"_uf_show_specific_survey":0,"_uf_disable_surveys":false,"footnotes":""},"categories":[36],"tags":[],"class_list":{"0":"post-2961","1":"post","2":"type-post","3":"status-publish","4":"format-standard","5":"has-post-thumbnail","7":"category-prima-i-territori"},"aioseo_notices":[],"_links":{"self":[{"href":"https:\/\/ilsovranista.com\/index.php?rest_route=\/wp\/v2\/posts\/2961","targetHints":{"allow":["GET"]}}],"collection":[{"href":"https:\/\/ilsovranista.com\/index.php?rest_route=\/wp\/v2\/posts"}],"about":[{"href":"https:\/\/ilsovranista.com\/index.php?rest_route=\/wp\/v2\/types\/post"}],"author":[{"embeddable":true,"href":"https:\/\/ilsovranista.com\/index.php?rest_route=\/wp\/v2\/users\/3"}],"replies":[{"embeddable":true,"href":"https:\/\/ilsovranista.com\/index.php?rest_route=%2Fwp%2Fv2%2Fcomments&post=2961"}],"version-history":[{"count":1,"href":"https:\/\/ilsovranista.com\/index.php?rest_route=\/wp\/v2\/posts\/2961\/revisions"}],"predecessor-version":[{"id":2963,"href":"https:\/\/ilsovranista.com\/index.php?rest_route=\/wp\/v2\/posts\/2961\/revisions\/2963"}],"wp:featuredmedia":[{"embeddable":true,"href":"https:\/\/ilsovranista.com\/index.php?rest_route=\/wp\/v2\/media\/2962"}],"wp:attachment":[{"href":"https:\/\/ilsovranista.com\/index.php?rest_route=%2Fwp%2Fv2%2Fmedia&parent=2961"}],"wp:term":[{"taxonomy":"category","embeddable":true,"href":"https:\/\/ilsovranista.com\/index.php?rest_route=%2Fwp%2Fv2%2Fcategories&post=2961"},{"taxonomy":"post_tag","embeddable":true,"href":"https:\/\/ilsovranista.com\/index.php?rest_route=%2Fwp%2Fv2%2Ftags&post=2961"}],"curies":[{"name":"wp","href":"https:\/\/api.w.org\/{rel}","templated":true}]}}