{"id":2955,"date":"2025-04-13T09:11:14","date_gmt":"2025-04-13T07:11:14","guid":{"rendered":"https:\/\/ilsovranista.com\/?p=2955"},"modified":"2025-04-13T09:11:14","modified_gmt":"2025-04-13T07:11:14","slug":"anni-di-piombo-speranzon-fdi-contro-la-memoria-di-ramelli-protesta-vergognosa","status":"publish","type":"post","link":"https:\/\/ilsovranista.com\/?p=2955","title":{"rendered":"Anni di piombo. Speranzon (FdI): contro la memoria di Ramelli protesta vergognosa"},"content":{"rendered":"<p>&#8220;\u00c8 con sdegno che merita di essere condannata la vergognosa protesta contro l\u2019intitolazione del parco di Cassano d\u2019Adda a Sergio Ramello, barbaramente assassinato a 18 anni da estremisti comunisti per le sue idee politiche. Il flash mob inscenato da una minoranza faziosa \u00e8 un\u2019offesa alla memoria di una vittima innocente degli Anni di piombo e un attacco ai valori di giustizia e memoria che questo gesto vuole rappresentare.<br \/>\nRamelli fu ucciso da estremisti di sinistra per il solo fatto di essere un giovane militante della destra politica: la sua morte \u00e8 un monito contro la violenza politica e Intitolargli un parco \u00e8 un atto di civilt\u00e0, non una scelta divisiva.<br \/>\nChi si oppone a questo gesto dimostra una miopia storica e una pericolosa volont\u00e0 di riscrivere il passato, negando il diritto alla memoria di una vittima.<br \/>\nLa pretestuosa accusa di \u2018scelta divisiva\u2019 mossa dai manifestanti \u00e8 ipocrita e strumentale. Leggere i nomi delle vittime degli anni di piombo per contestare Ramelli non rende omaggio alla storia, ma la manipola, cercando di equiparare carnefici e vittime in un relativismo inaccettabile. La frase \u2018No all\u2019intitolazione a Sergio Ramelli, siamo una comunit\u00e0 unita \u2018 \u00e8 un ossimoro grottesco: non c\u2019\u00e8 unit\u00e0 nel negare il ricordo di un ragazzo assassinato, n\u00e9 nel tentativo di soffocare un\u2019iniziativa che invita alla riflessione e al ripudio della violenza.<br \/>\nLa partecipazione democratica non pu\u00f2 diventare un alibi per bloccare atti doverosi di memoria.<br \/>\nChi si oppone a questo gesto tenta di riscrivere la storia, negando il diritto alla memoria.<br \/>\nIncomprensibili anche le critiche sulla modalit\u00e0 della scelta, pienamente legittima e nelle prerogative del Comune, da parte di chi evidentemente non ha fatto ancora i conti con la storia. Non saranno comunque le proteste di chi preferisce l\u2019oblio alla memoria a fermare questo atto di dignit\u00e0. La comunit\u00e0 di Cassano d\u2019Adda merita di essere unita non nel rifiuto della memoria, ma nel ricordo e nella costruzione di un futuro senza odio\u201d.<br \/>\nLo dichiara il vice presidente vicario di Fratelli d\u2019Italia <strong>Raffaele Speranzon<\/strong>.<\/p>\n","protected":false},"excerpt":{"rendered":"<p>&#8220;\u00c8 con sdegno che merita di essere condannata la vergognosa protesta contro l\u2019intitolazione del parco di Cassano d\u2019Adda a Sergio Ramello, barbaramente assassinato a 18 anni da estremisti comunisti per le sue idee politiche. Il flash mob inscenato da una minoranza faziosa \u00e8 un\u2019offesa alla memoria di una vittima innocente degli Anni di piombo e [&hellip;]<\/p>\n","protected":false},"author":3,"featured_media":2956,"comment_status":"open","ping_status":"closed","sticky":false,"template":"","format":"standard","meta":{"om_disable_all_campaigns":false,"_monsterinsights_skip_tracking":false,"_monsterinsights_sitenote_active":false,"_monsterinsights_sitenote_note":"","_monsterinsights_sitenote_category":0,"_uf_show_specific_survey":0,"_uf_disable_surveys":false,"footnotes":""},"categories":[33],"tags":[],"class_list":{"0":"post-2955","1":"post","2":"type-post","3":"status-publish","4":"format-standard","5":"has-post-thumbnail","7":"category-politica"},"aioseo_notices":[],"_links":{"self":[{"href":"https:\/\/ilsovranista.com\/index.php?rest_route=\/wp\/v2\/posts\/2955","targetHints":{"allow":["GET"]}}],"collection":[{"href":"https:\/\/ilsovranista.com\/index.php?rest_route=\/wp\/v2\/posts"}],"about":[{"href":"https:\/\/ilsovranista.com\/index.php?rest_route=\/wp\/v2\/types\/post"}],"author":[{"embeddable":true,"href":"https:\/\/ilsovranista.com\/index.php?rest_route=\/wp\/v2\/users\/3"}],"replies":[{"embeddable":true,"href":"https:\/\/ilsovranista.com\/index.php?rest_route=%2Fwp%2Fv2%2Fcomments&post=2955"}],"version-history":[{"count":1,"href":"https:\/\/ilsovranista.com\/index.php?rest_route=\/wp\/v2\/posts\/2955\/revisions"}],"predecessor-version":[{"id":2957,"href":"https:\/\/ilsovranista.com\/index.php?rest_route=\/wp\/v2\/posts\/2955\/revisions\/2957"}],"wp:featuredmedia":[{"embeddable":true,"href":"https:\/\/ilsovranista.com\/index.php?rest_route=\/wp\/v2\/media\/2956"}],"wp:attachment":[{"href":"https:\/\/ilsovranista.com\/index.php?rest_route=%2Fwp%2Fv2%2Fmedia&parent=2955"}],"wp:term":[{"taxonomy":"category","embeddable":true,"href":"https:\/\/ilsovranista.com\/index.php?rest_route=%2Fwp%2Fv2%2Fcategories&post=2955"},{"taxonomy":"post_tag","embeddable":true,"href":"https:\/\/ilsovranista.com\/index.php?rest_route=%2Fwp%2Fv2%2Ftags&post=2955"}],"curies":[{"name":"wp","href":"https:\/\/api.w.org\/{rel}","templated":true}]}}