{"id":2947,"date":"2025-04-13T05:14:22","date_gmt":"2025-04-13T03:14:22","guid":{"rendered":"https:\/\/ilsovranista.com\/?p=2947"},"modified":"2025-04-13T05:43:30","modified_gmt":"2025-04-13T03:43:30","slug":"salvini-unione-europea-de-che-macron-si-sente-napoleone","status":"publish","type":"post","link":"https:\/\/ilsovranista.com\/?p=2947","title":{"rendered":"Salvini: \u201cUnione europea de che, Macron si sente Napoleone\u201d"},"content":{"rendered":"<div class=\"viafoura\">\n<div class=\"vf-tray-widget vf-tray--modal-override\" data-test=\"vf-tray-root-element\" data-vf-id=\"1\"><\/div>\n<\/div>\n<div id=\"article-body\" class=\"story__content\">\n<div class=\"story__text\">\n<p>&#8220;Unione europea&#8230; Unione de che! Gli spagnoli sono in Cina, i tedeschi comprano carri armati,\u00a0<strong>Macron<\/strong>\u00a0si sente Napoleone\u00a0e non&#8230; E mi fermo qui. Dico solo che \u00e8 riuscito farsi espellere da tutti i paesi africani. L&#8217;Europa deve dimenticarsi di essere onnivora e regolamentare anche come respiro e tornare ad essere una comunit\u00e0 di eguali. Non ha bisogno di eserciti, di armi ma di mettere in comune quello che serve a crescere&#8221;.<\/p>\n<p>Lo dichiara\u00a0<strong>Matteo Salvini <\/strong>nel suo intervento alla scuola di formazione politica della Lega.<\/p>\n<p>Parlando delle questioni internazionali, il neo eletto segretario federale del Carroccio afferma: &#8220;spero, penso e lavoro perch\u00e9 il 2025 sia l&#8217;anno della pace, \u00e8 la pi\u00f9 grande conquista che si pu\u00f2 portare in dote ai nostri figli. Cos\u00ec avremo fatto la cosa pi\u00f9 importante del mondo. Per questo la Lega ha il dovere di contrastare chi, anche con le parole, vuole contrastare il processo di pace. Qualcuno a Bruxelles o a Parigi parla ancora di ombrello nucleare, di bazooka ed esercito europeo. Noi diciamo assolutamente no, \u00e8 il momento della pace e di costruire la pace&#8221;.<\/p>\n<div class=\"viafoura\">\n<div class=\"vf-tray-widget vf-tray--modal-override\" data-test=\"vf-tray-root-element\" data-vf-id=\"1\"><\/div>\n<\/div>\n<section class=\"inline-article\">\n<article>\n<div class=\"inline-article__content\"><\/div>\n<\/article>\n<\/section>\n<\/div>\n<\/div>\n","protected":false},"excerpt":{"rendered":"<p>&#8220;Unione europea&#8230; Unione de che! Gli spagnoli sono in Cina, i tedeschi comprano carri armati,\u00a0Macron\u00a0si sente Napoleone\u00a0e non&#8230; E mi fermo qui. Dico solo che \u00e8 riuscito farsi espellere da tutti i paesi africani. L&#8217;Europa deve dimenticarsi di essere onnivora e regolamentare anche come respiro e tornare ad essere una comunit\u00e0 di eguali. Non ha [&hellip;]<\/p>\n","protected":false},"author":3,"featured_media":2948,"comment_status":"open","ping_status":"closed","sticky":false,"template":"","format":"standard","meta":{"om_disable_all_campaigns":false,"_monsterinsights_skip_tracking":false,"_monsterinsights_sitenote_active":false,"_monsterinsights_sitenote_note":"","_monsterinsights_sitenote_category":0,"_uf_show_specific_survey":0,"_uf_disable_surveys":false,"footnotes":""},"categories":[33],"tags":[],"class_list":{"0":"post-2947","1":"post","2":"type-post","3":"status-publish","4":"format-standard","5":"has-post-thumbnail","7":"category-politica"},"aioseo_notices":[],"_links":{"self":[{"href":"https:\/\/ilsovranista.com\/index.php?rest_route=\/wp\/v2\/posts\/2947","targetHints":{"allow":["GET"]}}],"collection":[{"href":"https:\/\/ilsovranista.com\/index.php?rest_route=\/wp\/v2\/posts"}],"about":[{"href":"https:\/\/ilsovranista.com\/index.php?rest_route=\/wp\/v2\/types\/post"}],"author":[{"embeddable":true,"href":"https:\/\/ilsovranista.com\/index.php?rest_route=\/wp\/v2\/users\/3"}],"replies":[{"embeddable":true,"href":"https:\/\/ilsovranista.com\/index.php?rest_route=%2Fwp%2Fv2%2Fcomments&post=2947"}],"version-history":[{"count":1,"href":"https:\/\/ilsovranista.com\/index.php?rest_route=\/wp\/v2\/posts\/2947\/revisions"}],"predecessor-version":[{"id":2949,"href":"https:\/\/ilsovranista.com\/index.php?rest_route=\/wp\/v2\/posts\/2947\/revisions\/2949"}],"wp:featuredmedia":[{"embeddable":true,"href":"https:\/\/ilsovranista.com\/index.php?rest_route=\/wp\/v2\/media\/2948"}],"wp:attachment":[{"href":"https:\/\/ilsovranista.com\/index.php?rest_route=%2Fwp%2Fv2%2Fmedia&parent=2947"}],"wp:term":[{"taxonomy":"category","embeddable":true,"href":"https:\/\/ilsovranista.com\/index.php?rest_route=%2Fwp%2Fv2%2Fcategories&post=2947"},{"taxonomy":"post_tag","embeddable":true,"href":"https:\/\/ilsovranista.com\/index.php?rest_route=%2Fwp%2Fv2%2Ftags&post=2947"}],"curies":[{"name":"wp","href":"https:\/\/api.w.org\/{rel}","templated":true}]}}