{"id":2935,"date":"2025-04-12T15:29:23","date_gmt":"2025-04-12T13:29:23","guid":{"rendered":"https:\/\/ilsovranista.com\/?p=2935"},"modified":"2025-04-12T15:29:23","modified_gmt":"2025-04-12T13:29:23","slug":"regionali-campania-2025-martusciello-non-e-una-sfida-tra-cirielli-e-zinzi-forza-italia-presentera-un-suo-nome","status":"publish","type":"post","link":"https:\/\/ilsovranista.com\/?p=2935","title":{"rendered":"Regionali Campania 2025, Martusciello: non \u00e8 una sfida tra Cirielli e Zinzi. Forza Italia presenter\u00e0 un suo nome"},"content":{"rendered":"<p>\u201cNon \u00e8 una sfida tra <strong>Cirielli<\/strong> e <strong>Zinzi<\/strong>. <strong>Forza Italia<\/strong> presenter\u00e0 la sua proposta quando si entrer\u00e0 nel vivo della discussione\u201d. Lo ha detto il coordinatore regionale di Forza Italia, <strong>Fulvio Martusciello,<\/strong> parlando oggi a Caserta nel corso del coordinamento provinciale del partito, in riferimento alla scelta del candidato presidente del centrodestra per le prossime elezioni regionali in Campania. \u201cIl partito non \u00e8 legato a una persona \u2013 ha aggiunto \u2013. Siamo una comunit\u00e0 fatta di dirigenti capaci e di societ\u00e0 civile perfettamente integrata. I nostri segretari nazionali non si troveranno due nomi sul tavolo, ma tre, perch\u00e9 ci sar\u00e0 anche la proposta di Forza Italia. Poi a loro sar\u00e0 demandata la scelta\u201d, ha concluso il coordinatore degli azzurri campani.<\/p>\n","protected":false},"excerpt":{"rendered":"<p>\u201cNon \u00e8 una sfida tra Cirielli e Zinzi. Forza Italia presenter\u00e0 la sua proposta quando si entrer\u00e0 nel vivo della discussione\u201d. Lo ha detto il coordinatore regionale di Forza Italia, Fulvio Martusciello, parlando oggi a Caserta nel corso del coordinamento provinciale del partito, in riferimento alla scelta del candidato presidente del centrodestra per le prossime [&hellip;]<\/p>\n","protected":false},"author":3,"featured_media":2936,"comment_status":"open","ping_status":"closed","sticky":false,"template":"","format":"standard","meta":{"om_disable_all_campaigns":false,"_monsterinsights_skip_tracking":false,"_monsterinsights_sitenote_active":false,"_monsterinsights_sitenote_note":"","_monsterinsights_sitenote_category":0,"_uf_show_specific_survey":0,"_uf_disable_surveys":false,"footnotes":""},"categories":[36],"tags":[],"class_list":{"0":"post-2935","1":"post","2":"type-post","3":"status-publish","4":"format-standard","5":"has-post-thumbnail","7":"category-prima-i-territori"},"aioseo_notices":[],"_links":{"self":[{"href":"https:\/\/ilsovranista.com\/index.php?rest_route=\/wp\/v2\/posts\/2935","targetHints":{"allow":["GET"]}}],"collection":[{"href":"https:\/\/ilsovranista.com\/index.php?rest_route=\/wp\/v2\/posts"}],"about":[{"href":"https:\/\/ilsovranista.com\/index.php?rest_route=\/wp\/v2\/types\/post"}],"author":[{"embeddable":true,"href":"https:\/\/ilsovranista.com\/index.php?rest_route=\/wp\/v2\/users\/3"}],"replies":[{"embeddable":true,"href":"https:\/\/ilsovranista.com\/index.php?rest_route=%2Fwp%2Fv2%2Fcomments&post=2935"}],"version-history":[{"count":1,"href":"https:\/\/ilsovranista.com\/index.php?rest_route=\/wp\/v2\/posts\/2935\/revisions"}],"predecessor-version":[{"id":2937,"href":"https:\/\/ilsovranista.com\/index.php?rest_route=\/wp\/v2\/posts\/2935\/revisions\/2937"}],"wp:featuredmedia":[{"embeddable":true,"href":"https:\/\/ilsovranista.com\/index.php?rest_route=\/wp\/v2\/media\/2936"}],"wp:attachment":[{"href":"https:\/\/ilsovranista.com\/index.php?rest_route=%2Fwp%2Fv2%2Fmedia&parent=2935"}],"wp:term":[{"taxonomy":"category","embeddable":true,"href":"https:\/\/ilsovranista.com\/index.php?rest_route=%2Fwp%2Fv2%2Fcategories&post=2935"},{"taxonomy":"post_tag","embeddable":true,"href":"https:\/\/ilsovranista.com\/index.php?rest_route=%2Fwp%2Fv2%2Ftags&post=2935"}],"curies":[{"name":"wp","href":"https:\/\/api.w.org\/{rel}","templated":true}]}}