{"id":2925,"date":"2025-04-12T08:08:39","date_gmt":"2025-04-12T06:08:39","guid":{"rendered":"https:\/\/ilsovranista.com\/?p=2925"},"modified":"2025-04-12T08:08:39","modified_gmt":"2025-04-12T06:08:39","slug":"mantova-il-consigliere-de-marchi-si-dimette-da-fdi-e-aderisce-a-forza-nuova","status":"publish","type":"post","link":"https:\/\/ilsovranista.com\/?p=2925","title":{"rendered":"Mantova, il consigliere De Marchi si dimette da Fdi e aderisce a Forza Nuova"},"content":{"rendered":"<p><strong>Luca De Marchi,\u00a0<\/strong>consigliere comunale a Mantova, eletto nelle fila di\u00a0<strong>Frstelli d&#8217;Italia\u00a0<\/strong>aderisce a Forza Nuova formazione politica per la quale sara&#8217; candidato a sindaco alle prossime amministrative. Lo annuncia la segreteria nazionale di\u00a0<strong>Forza Nuova\u00a0<\/strong>, in una nota, diffusa alla stampa che riportiamo integralmente<\/p>\n<p>De Marchi lascia FDI, entra in Forza Nuova e si candida a sindaco di Mantova.<br \/>\nDopo il Consigliere di Cormano in provincia di Milano, Massimiliano Festa, ieri presente alla conferenza stampa, anche Luca De Marchi, dunque, sceglie di entrare nel movimento di Roberto Fiore e lo fa in piena corsa per le amministrative.<\/p>\n<p>Passeggiate per la sicurezza, attenzione per il sociale, screening per tutti i vaccinati covid: questi gli obiettivi principali del movimento che De Marchi porter\u00e0 avanti con la sua civica sul territorio per tornare a dare risposte alla gente, abbandonata da istituzioni e vecchi partiti, sempre pi\u00f9 distanti dal volere del popolo.<\/p>\n<p>&#8220;Mi sono dimesso da Fratelli d\u2019Italia &#8211; ha spiegato &#8211; perch\u00e9 \u00e8 stato un tradimento di tutto quello che era il programma elettorale per la citt\u00e0 e per il governo centrale&#8221;. Primo atto: un presidio a Lunetta.<\/p>\n<p>Sono sempre di pi\u00f9 quelli che scelgono una politica rivoluzionaria, diversa anni luce da quei partiti vecchi, tromboni della politica che sono ormai piegati, senza pi\u00f9 vergogna alcuna, alle politiche globaliste e immigrazioniste.<\/p>\n<p>Forza Nuova, pezzo per pezzo, si riprende, dunque, anche la Lombardia.<\/p>\n<p>Segreteria Nazionale Forza Nuova<\/p>\n","protected":false},"excerpt":{"rendered":"<p>Luca De Marchi,\u00a0consigliere comunale a Mantova, eletto nelle fila di\u00a0Frstelli d&#8217;Italia\u00a0aderisce a Forza Nuova formazione politica per la quale sara&#8217; candidato a sindaco alle prossime amministrative. Lo annuncia la segreteria nazionale di\u00a0Forza Nuova\u00a0, in una nota, diffusa alla stampa che riportiamo integralmente De Marchi lascia FDI, entra in Forza Nuova e si candida a sindaco [&hellip;]<\/p>\n","protected":false},"author":3,"featured_media":2926,"comment_status":"open","ping_status":"closed","sticky":false,"template":"","format":"standard","meta":{"om_disable_all_campaigns":false,"_monsterinsights_skip_tracking":false,"_monsterinsights_sitenote_active":false,"_monsterinsights_sitenote_note":"","_monsterinsights_sitenote_category":0,"_uf_show_specific_survey":0,"_uf_disable_surveys":false,"footnotes":""},"categories":[33],"tags":[],"class_list":{"0":"post-2925","1":"post","2":"type-post","3":"status-publish","4":"format-standard","5":"has-post-thumbnail","7":"category-politica"},"aioseo_notices":[],"_links":{"self":[{"href":"https:\/\/ilsovranista.com\/index.php?rest_route=\/wp\/v2\/posts\/2925","targetHints":{"allow":["GET"]}}],"collection":[{"href":"https:\/\/ilsovranista.com\/index.php?rest_route=\/wp\/v2\/posts"}],"about":[{"href":"https:\/\/ilsovranista.com\/index.php?rest_route=\/wp\/v2\/types\/post"}],"author":[{"embeddable":true,"href":"https:\/\/ilsovranista.com\/index.php?rest_route=\/wp\/v2\/users\/3"}],"replies":[{"embeddable":true,"href":"https:\/\/ilsovranista.com\/index.php?rest_route=%2Fwp%2Fv2%2Fcomments&post=2925"}],"version-history":[{"count":1,"href":"https:\/\/ilsovranista.com\/index.php?rest_route=\/wp\/v2\/posts\/2925\/revisions"}],"predecessor-version":[{"id":2927,"href":"https:\/\/ilsovranista.com\/index.php?rest_route=\/wp\/v2\/posts\/2925\/revisions\/2927"}],"wp:featuredmedia":[{"embeddable":true,"href":"https:\/\/ilsovranista.com\/index.php?rest_route=\/wp\/v2\/media\/2926"}],"wp:attachment":[{"href":"https:\/\/ilsovranista.com\/index.php?rest_route=%2Fwp%2Fv2%2Fmedia&parent=2925"}],"wp:term":[{"taxonomy":"category","embeddable":true,"href":"https:\/\/ilsovranista.com\/index.php?rest_route=%2Fwp%2Fv2%2Fcategories&post=2925"},{"taxonomy":"post_tag","embeddable":true,"href":"https:\/\/ilsovranista.com\/index.php?rest_route=%2Fwp%2Fv2%2Ftags&post=2925"}],"curies":[{"name":"wp","href":"https:\/\/api.w.org\/{rel}","templated":true}]}}