{"id":2922,"date":"2025-04-12T05:45:32","date_gmt":"2025-04-12T03:45:32","guid":{"rendered":"https:\/\/ilsovranista.com\/?p=2922"},"modified":"2025-04-12T05:45:32","modified_gmt":"2025-04-12T03:45:32","slug":"marcato-una-lega-sovranista-non-serve-rischia-di-essere-la-brutta-copia-di-fratelli-ditalia","status":"publish","type":"post","link":"https:\/\/ilsovranista.com\/?p=2922","title":{"rendered":"Marcato: \u201cuna Lega sovranista non serve. Rischia di essere la brutta copia di Fratelli d\u2019Italia\u201d"},"content":{"rendered":"<div class=\"story__text\">\n<p>di Alfonso Raimo<\/p>\n<p>Fonte Huffington Post<\/p>\n<p>\u201cUna Lega sovranista non serve. Rischia di essere la brutta copia di Fratelli d\u2019Italia\u201d, dice<strong> Roberto Marcato<\/strong>, che a Roberto Vannacci risponde con Goffredo Parise: \u201cIl Veneto \u00e8 la mia patria\u201d. Assessore alle attivit\u00e0 produttive di Luca Zaia, Marcato \u00e8 stato il candidato pi\u00f9 votato alle ultime regionali. Dopo la sentenza della Consulta che impedisce il terzo mandato a Zaia, il Carroccio prenota il candidato unitario del centrodestra.<\/p>\n<p><strong>Marcato, si fa il nome di Alberto Stefani, segretario della Lega in Veneto. Che ne pensa?<\/strong><br \/>\nSui nomi non esprimo un giudizio: non spetta a me la scelta, e sarebbe scorretto e inelegante. Da fondatore della Liga veneta e da militante della prima ora, mi permetto di dare suggerimenti sulle caratteristiche che dovrebbe avere il candidato.<\/p>\n<p><strong>E quali sono?<\/strong><\/p>\n<div class=\"teads-inread sm-screen\">\n<div class=\"teads-ui-components-label\">Deve essere uno riconosciuto e riconoscibile sul territorio. Deve dare un valore aggiunto. Intendiamoci, il vuoto lasciato da Zaia difficilmente si colma. Ma l\u2019ambizione deve essere quella. Lui \u00e8 riuscito a dare una spinta, e ora bisogna trovare una candidata o un candidato che siano almeno in parte in grado di colmare questo gap. Altrimenti rischiamo davvero tanto.<\/div>\n<\/div>\n<div id=\"adv-Bottom\">\n<div id=\"div-gpt-ad-Bottom\" data-google-query-id=\"CNOBgtXJ0YwDFdvhEQgdcEIBrA\">\n<div id=\"google_ads_iframe_\/35012960\/huffingtonpost.it\/politica\/Bottom_0__container__\"><iframe id=\"google_ads_iframe_\/35012960\/huffingtonpost.it\/politica\/Bottom_0\" tabindex=\"0\" title=\"3rd party ad content\" name=\"google_ads_iframe_\/35012960\/huffingtonpost.it\/politica\/Bottom_0\" width=\"1\" height=\"1\" frameborder=\"0\" marginwidth=\"0\" marginheight=\"0\" scrolling=\"no\" aria-label=\"Advertisement\" data-load-complete=\"true\" data-google-container-id=\"7\" data-mce-fragment=\"1\"><\/iframe><\/div>\n<\/div>\n<\/div>\n<p><strong>Addirittura\u2026 ma non mi pare che il centrodestra rischi di perdere la Regione. O no?<\/strong><br \/>\nParliamo della Lega. Per noi \u00e8 la partita della vita. Le do\u00a0qualche\u00a0dato. L\u2019ultima vera vittoria in Veneto \u00e8 stata alle regionali di 5 anni fa. Da quel momento in poi \u00e8 stata una sequela di sconfitte pesantissime: cos\u00ec a Verona, a Vicenza, a Padova. Alle politiche c\u2019\u00e8 stato il drammatico sorpasso di FdI. Per noi \u00e8 stato uno choc, che si \u00e8 ripetuto alle europee quando il partito di Meloni ha ottenuto il migliore risultato proprio in Veneto. Voglio ricordare che alle europee del 2019 la Lega prese il 49,9 per cento. Un Veneto su due votava Lega, per noi la Lega \u00e8 una chiesa, una religione. Ora non \u00e8 pi\u00f9 cos\u00ec.<\/p>\n<p><strong>E perch\u00e9 dice che la Lega rischia?<\/strong><\/p>\n<p>Lo dico e lo ripeto: si gioca la sopravvivenza, sia in Veneto che a livello nazionale. A maggior ragione se avremo il candidato presidente. Perch\u00e9 se lo dai agli altri, hai una scusante. Ma se gli altri ti danno il candidato presidente, allora non puoi fare un risultato mediocre. E se in Veneto siamo surclassati dagli alleati, il partito non tiene.<\/p>\n<p><strong>Sembra un messaggio chiaro a Salvini. Insomma, serve un venetista per il Veneto\u2026<\/strong><br \/>\nIo di alchimie romane ne ho viste tante. E non mi piacciono. Non possiamo permetterci il lusso di candidare trombati, tromboni, riciclati e nominati a vario titolo. Servono candidature in grado di intercettare il consenso popolare.<\/p>\n<p><strong>Lei professa un partito ancorato al territorio. Ma al congresso \u00e8 andata in scena la Lega dei Patrioti. Vannacci vi ha detto: \u201cPer fare gli autonomisti, bisogna essere sovranisti\u201d.<\/strong><br \/>\nMi consenta una notazione personale. Abbiamo gridato al miracolo per il risultato di Vannacci in Veneto alle europee. Ma c\u2019\u00e8 stata una mistificazione. Io alle scorse regionali sono stato il pi\u00f9 votato tra i candidati di tutti i partiti. Ho fatto un risultato simile a quello di Vannacci con la differenza che il voto leghista era diviso tra la lista della Lega e la lista Zaia. Non serve andare fuori partito per trovare il consenso, basta candidare le persone che sono in grado di rappresentarlo.<\/p>\n<p><strong>Sta dicendo che se glielo chiedessero si candiderebbe alla presidenza della Regione?<\/strong><br \/>\nDico che io faccio quel che dice la Lega. \u00c8 stato sempre cos\u00ec nella mia carriera. Ero presidente del consiglio comunale a Padova e il partito mi ha chiesto di candidarmi in regione. Poi il partito mi ha chiesto di fare l\u2019assessore. Se Salvini me lo chiede, io ci sono. Ma in generale abbiamo donne e uomini in grado di sostenere la candidatura. Invece, di un candidato che non porta valore aggiunto, non ce ne facciamo niente.<\/p>\n<p><strong>Torno a Vannacci per ricordarle che il partito, ormai, \u00e8 trumpian-sovranista. Al congresso hanno sfilato Viktor Orban, Marine Le Pen, Santiago Abescal\u2026 Ormai \u00e8 una Lega di destra\u2026<\/strong><br \/>\nIo ho battuto tutte le strade del Veneto negli ultimi cinque anni per dire che il solo motivo per cui perdevamo consenso era l\u2019annacquamento identitario. Al congresso questa indicazione \u00e8 stata raccolta nella mozione Stefani che \u00e8 stata votata all\u2019unanimit\u00e0. Se non c\u2019\u00e8 questo, non c\u2019\u00e8 la Lega. Io se dovessi immaginare la Lega da oggi in avanti, la immagino sul modello della Csu bavarese, che \u00e8 allo stesso tempo un partito nazionale che si occupa dei problemi nazionali, ma anche un partito che si occupa dei territori che rappresenta.<\/p>\n<p><strong>Devo ricordarle che la Csu \u00e8 nel Partito popolare europeo. Voi, invece, sedete tra i Patrioti.<\/strong><br \/>\nE io per dirla con Goffredo Parise, dico che mi sento patriota veneto. Ma a parte le citazioni: se alla Lega togli la matrice identitaria, la natura territoriale e federalista, rimane poco. Un partito di destra c\u2019\u00e8 gi\u00e0, uno sovranista c\u2019\u00e8 gi\u00e0, uno patriottico c\u2019\u00e8 gi\u00e0. Se ti riduci a fare la copia di FdI, la gente voter\u00e0 l\u2019originale.<\/p>\n<p><strong>Almeno questo \u00e8 un avvertimento al segretario Salvini\u2026<\/strong><br \/>\nMa io a Matteo l\u2019ho detto chiaro. Anche su Trump: se mette i dazi, io non sono trumpiano. Se risolve la guerra in Ucraina e a Gaza, faccio il tifo per lui. E anche sull\u2019Europa, serve un\u2019Europa forte e vera, ma un\u2019Europa dei popoli, pi\u00f9 che delle nazioni. Perch\u00e9 i confini possono venire meno, ma i popoli no. Insomma noi dobbiamo essere equidistanti tra destra e sinistra, siamo l\u2019unica forza che prescinde dalle appartenenze ideologiche.<\/p>\n<p><strong>Sono costretto ancora a citarle Vannacci. Lui non la pensa come lei, e potrebbe essere uno dei prossimi vicesegretari.<\/strong><br \/>\nCon tutto il rispetto, di quello che pensa Vannacci non me ne frega niente. E non voglio neppure commentare che diventi vicesegretario. I miei valori non sono contrattabili, non c\u2019\u00e8 mediazione che tenga. Sono entrato in Lega perch\u00e9 per la prima volta si parlava di questione settentrionale, del nord, non come terra conquista, ma inserito in un progetto federalista. Se questo non lo posso esprimere pi\u00f9, non \u00e8 pi\u00f9 il mio partito, \u00e8 un altro partito. Prendo armi e bagagli e vado. Ma al congresso nessuno ha detto che siamo diventati centralisti. Per questo dico che la visione del mondo dei Patrioti ha poco a che fare con l\u2019idea di Stato che abbiamo noi della Lega.<\/p>\n<p><strong>Intanto Luca Zaia potrebbe sbarcare a Roma. Secondo alcune ricostruzioni, se Stefani viene eletto alla presidenza della regione, potrebbe candidarsi al suo posto in Parlamento?<\/strong><br \/>\nFaccio fatica a immaginare un altro ruolo per il presidente, perch\u00e9 lui d\u00e0 il massimo a capo della regione. Qualsiasi altra ipotesi la trovo fantasiosa. Ma \u00e8 una scelta che far\u00e0 solo Luca Zaia. Tutto il resto mi sembrano desideri che magari sono pi\u00f9 di altri che i suoi. E non tutti quelli che lo consigliano, gli vogliono bene.<\/p>\n<\/div>\n<aside class=\"story__tags\">&nbsp;<\/p>\n<\/aside>\n","protected":false},"excerpt":{"rendered":"<p>di Alfonso Raimo Fonte Huffington Post \u201cUna Lega sovranista non serve. Rischia di essere la brutta copia di Fratelli d\u2019Italia\u201d, dice Roberto Marcato, che a Roberto Vannacci risponde con Goffredo Parise: \u201cIl Veneto \u00e8 la mia patria\u201d. Assessore alle attivit\u00e0 produttive di Luca Zaia, Marcato \u00e8 stato il candidato pi\u00f9 votato alle ultime regionali. Dopo [&hellip;]<\/p>\n","protected":false},"author":3,"featured_media":2923,"comment_status":"open","ping_status":"closed","sticky":false,"template":"","format":"standard","meta":{"om_disable_all_campaigns":false,"_monsterinsights_skip_tracking":false,"_monsterinsights_sitenote_active":false,"_monsterinsights_sitenote_note":"","_monsterinsights_sitenote_category":0,"_uf_show_specific_survey":0,"_uf_disable_surveys":false,"footnotes":""},"categories":[33],"tags":[],"class_list":{"0":"post-2922","1":"post","2":"type-post","3":"status-publish","4":"format-standard","5":"has-post-thumbnail","7":"category-politica"},"aioseo_notices":[],"_links":{"self":[{"href":"https:\/\/ilsovranista.com\/index.php?rest_route=\/wp\/v2\/posts\/2922","targetHints":{"allow":["GET"]}}],"collection":[{"href":"https:\/\/ilsovranista.com\/index.php?rest_route=\/wp\/v2\/posts"}],"about":[{"href":"https:\/\/ilsovranista.com\/index.php?rest_route=\/wp\/v2\/types\/post"}],"author":[{"embeddable":true,"href":"https:\/\/ilsovranista.com\/index.php?rest_route=\/wp\/v2\/users\/3"}],"replies":[{"embeddable":true,"href":"https:\/\/ilsovranista.com\/index.php?rest_route=%2Fwp%2Fv2%2Fcomments&post=2922"}],"version-history":[{"count":1,"href":"https:\/\/ilsovranista.com\/index.php?rest_route=\/wp\/v2\/posts\/2922\/revisions"}],"predecessor-version":[{"id":2924,"href":"https:\/\/ilsovranista.com\/index.php?rest_route=\/wp\/v2\/posts\/2922\/revisions\/2924"}],"wp:featuredmedia":[{"embeddable":true,"href":"https:\/\/ilsovranista.com\/index.php?rest_route=\/wp\/v2\/media\/2923"}],"wp:attachment":[{"href":"https:\/\/ilsovranista.com\/index.php?rest_route=%2Fwp%2Fv2%2Fmedia&parent=2922"}],"wp:term":[{"taxonomy":"category","embeddable":true,"href":"https:\/\/ilsovranista.com\/index.php?rest_route=%2Fwp%2Fv2%2Fcategories&post=2922"},{"taxonomy":"post_tag","embeddable":true,"href":"https:\/\/ilsovranista.com\/index.php?rest_route=%2Fwp%2Fv2%2Ftags&post=2922"}],"curies":[{"name":"wp","href":"https:\/\/api.w.org\/{rel}","templated":true}]}}