{"id":2904,"date":"2025-04-11T07:36:01","date_gmt":"2025-04-11T05:36:01","guid":{"rendered":"https:\/\/ilsovranista.com\/?p=2904"},"modified":"2025-04-11T07:36:01","modified_gmt":"2025-04-11T05:36:01","slug":"napoli-con-georgescu-e-il-popolo-rumeno-liniziativa-di-indipendenza","status":"publish","type":"post","link":"https:\/\/ilsovranista.com\/?p=2904","title":{"rendered":"Napoli, con Georgescu e il popolo rumeno. L&#8217;iniziativa di Indipendenza"},"content":{"rendered":"<p><strong>I&#8221;ndipendenza<\/strong>, tra le tante importanti iniziative ha messo in campo l\u2019incontro con rappresentanti rumeni della coalizione che sostiene Georgescu, che sarebbe stato anch\u2019egli presente se non fosse impedito da misure di repressione come ultimo atto che hanno visto assurdamente annullate le primarie presidenziali dalle quali era uscito vincente&#8221;.<\/p>\n<p style=\"text-align: left;\">Lo afferma in uns nota, diffusa alla stampa,\u00a0<strong>Marcello Taglialstela, <\/strong>storico \u00a0esponente della\u00a0<strong>destra sociale partenopea,\u00a0<\/strong>vice segretario nazionale di\u00a0<strong>Indipemdenza\u00a0<\/strong>precisando: i&#8221;rn tutta Europa i sovranisti sono sotto attacco e le manifestazioni di Milano e Napoli diventano in quest\u2019ottica appuntamenti di particolare importanza: prima o poi Georgescu avr\u00e0 la possibilit\u00e0 di venire in Italia e sar\u00e0 nostro gradito ospite&#8221;.<\/p>\n","protected":false},"excerpt":{"rendered":"<p>I&#8221;ndipendenza, tra le tante importanti iniziative ha messo in campo l\u2019incontro con rappresentanti rumeni della coalizione che sostiene Georgescu, che sarebbe stato anch\u2019egli presente se non fosse impedito da misure di repressione come ultimo atto che hanno visto assurdamente annullate le primarie presidenziali dalle quali era uscito vincente&#8221;. Lo afferma in uns nota, diffusa alla [&hellip;]<\/p>\n","protected":false},"author":3,"featured_media":2905,"comment_status":"open","ping_status":"closed","sticky":false,"template":"","format":"standard","meta":{"om_disable_all_campaigns":false,"_monsterinsights_skip_tracking":false,"_monsterinsights_sitenote_active":false,"_monsterinsights_sitenote_note":"","_monsterinsights_sitenote_category":0,"_uf_show_specific_survey":0,"_uf_disable_surveys":false,"footnotes":""},"categories":[33],"tags":[],"class_list":{"0":"post-2904","1":"post","2":"type-post","3":"status-publish","4":"format-standard","5":"has-post-thumbnail","7":"category-politica"},"aioseo_notices":[],"_links":{"self":[{"href":"https:\/\/ilsovranista.com\/index.php?rest_route=\/wp\/v2\/posts\/2904","targetHints":{"allow":["GET"]}}],"collection":[{"href":"https:\/\/ilsovranista.com\/index.php?rest_route=\/wp\/v2\/posts"}],"about":[{"href":"https:\/\/ilsovranista.com\/index.php?rest_route=\/wp\/v2\/types\/post"}],"author":[{"embeddable":true,"href":"https:\/\/ilsovranista.com\/index.php?rest_route=\/wp\/v2\/users\/3"}],"replies":[{"embeddable":true,"href":"https:\/\/ilsovranista.com\/index.php?rest_route=%2Fwp%2Fv2%2Fcomments&post=2904"}],"version-history":[{"count":1,"href":"https:\/\/ilsovranista.com\/index.php?rest_route=\/wp\/v2\/posts\/2904\/revisions"}],"predecessor-version":[{"id":2906,"href":"https:\/\/ilsovranista.com\/index.php?rest_route=\/wp\/v2\/posts\/2904\/revisions\/2906"}],"wp:featuredmedia":[{"embeddable":true,"href":"https:\/\/ilsovranista.com\/index.php?rest_route=\/wp\/v2\/media\/2905"}],"wp:attachment":[{"href":"https:\/\/ilsovranista.com\/index.php?rest_route=%2Fwp%2Fv2%2Fmedia&parent=2904"}],"wp:term":[{"taxonomy":"category","embeddable":true,"href":"https:\/\/ilsovranista.com\/index.php?rest_route=%2Fwp%2Fv2%2Fcategories&post=2904"},{"taxonomy":"post_tag","embeddable":true,"href":"https:\/\/ilsovranista.com\/index.php?rest_route=%2Fwp%2Fv2%2Ftags&post=2904"}],"curies":[{"name":"wp","href":"https:\/\/api.w.org\/{rel}","templated":true}]}}