{"id":2841,"date":"2025-04-08T01:34:07","date_gmt":"2025-04-07T23:34:07","guid":{"rendered":"https:\/\/ilsovranista.com\/?p=2841"},"modified":"2025-04-07T21:36:06","modified_gmt":"2025-04-07T19:36:06","slug":"salvini-al-viminale-nevi-per-forza-italia-il-governo-va-bene-cosi","status":"publish","type":"post","link":"https:\/\/ilsovranista.com\/?p=2841","title":{"rendered":"Salvini al Viminale? Nevi: per Forza Italia il governo va bene cos\u00ec"},"content":{"rendered":"<p>&nbsp;<\/p>\n<p>Ognuno \u00e8 libero di chiedere ci\u00f2 che vuole. Ma per noi il governo va bene come \u00e8 attualmente senza alcun cambiamento&#8221;<strong>.<\/strong>\u00a0Lo afferma\u00a0<strong>Raffaele Nevi, portavoce nazionale di Forza Italia, intervistato da Affaritaliani.it,<\/strong>\u00a0a proposito della spinta arrivata dal Congresso della Lega per portare Matteo Salvini al Viminale e candidare il ministro dell&#8217;Interno Matteo Piantedosi alle Regionali in Campania.<\/p>\n<p>&#8220;Questa \u00e8 la linea della Lega, poi c&#8217;\u00e8 tutta la coalizione. Si discuter\u00e0 insieme delle candidature alle prossime elezioni regionali. Funziona cos\u00ec in una coalizione. \u00c8 normale che ogni forza politica abbia le proprie idee e volont\u00e0&#8221;, nota Nevi, secondo cui &#8220;la compagine di governo va bene cos\u00ec com&#8217;\u00e8 e bisogna anche rispettare le persone. Piantedosi \u00e8 un ottimo ministro dell&#8217;Interno e sta facendo un egregio lavoro. Se si volesse discutere di Salvini all&#8217;Interno &#8211; aggiunge &#8211; bisognerebbe rivedere l&#8217;intero equilibrio dell&#8217;esecutivo e penso che in questo momento, vista anche la situazione internazionale e quanto sta accadendo con i dazi Usa, sarebbe bene pensare a questo&#8221;.<\/p>\n<p id=\"ob\">&#8220;Questa \u00e8 la loro posizione poi bisogna vedere innanzitutto che cosa ne pensa la presidente del Consiglio&#8221;, spiega ancora il vicecapogruppo di FI alla Camera, a proposito delle spinte della Lega. &#8220;Ogni partito ha la sua posizione. Noi di Forza Italia ieri abbiamo fatto un bellissimo evento in occasione del Consiglio nazionale e siamo impegnati in vista del congresso del Ppe a riformare l&#8217;Europa da dentro.<\/p>\n","protected":false},"excerpt":{"rendered":"<p>&nbsp; Ognuno \u00e8 libero di chiedere ci\u00f2 che vuole. Ma per noi il governo va bene come \u00e8 attualmente senza alcun cambiamento&#8221;.\u00a0Lo afferma\u00a0Raffaele Nevi, portavoce nazionale di Forza Italia, intervistato da Affaritaliani.it,\u00a0a proposito della spinta arrivata dal Congresso della Lega per portare Matteo Salvini al Viminale e candidare il ministro dell&#8217;Interno Matteo Piantedosi alle Regionali [&hellip;]<\/p>\n","protected":false},"author":3,"featured_media":2842,"comment_status":"open","ping_status":"closed","sticky":false,"template":"","format":"standard","meta":{"om_disable_all_campaigns":false,"_monsterinsights_skip_tracking":false,"_monsterinsights_sitenote_active":false,"_monsterinsights_sitenote_note":"","_monsterinsights_sitenote_category":0,"_uf_show_specific_survey":0,"_uf_disable_surveys":false,"footnotes":""},"categories":[33],"tags":[],"class_list":{"0":"post-2841","1":"post","2":"type-post","3":"status-publish","4":"format-standard","5":"has-post-thumbnail","7":"category-politica"},"aioseo_notices":[],"_links":{"self":[{"href":"https:\/\/ilsovranista.com\/index.php?rest_route=\/wp\/v2\/posts\/2841","targetHints":{"allow":["GET"]}}],"collection":[{"href":"https:\/\/ilsovranista.com\/index.php?rest_route=\/wp\/v2\/posts"}],"about":[{"href":"https:\/\/ilsovranista.com\/index.php?rest_route=\/wp\/v2\/types\/post"}],"author":[{"embeddable":true,"href":"https:\/\/ilsovranista.com\/index.php?rest_route=\/wp\/v2\/users\/3"}],"replies":[{"embeddable":true,"href":"https:\/\/ilsovranista.com\/index.php?rest_route=%2Fwp%2Fv2%2Fcomments&post=2841"}],"version-history":[{"count":1,"href":"https:\/\/ilsovranista.com\/index.php?rest_route=\/wp\/v2\/posts\/2841\/revisions"}],"predecessor-version":[{"id":2843,"href":"https:\/\/ilsovranista.com\/index.php?rest_route=\/wp\/v2\/posts\/2841\/revisions\/2843"}],"wp:featuredmedia":[{"embeddable":true,"href":"https:\/\/ilsovranista.com\/index.php?rest_route=\/wp\/v2\/media\/2842"}],"wp:attachment":[{"href":"https:\/\/ilsovranista.com\/index.php?rest_route=%2Fwp%2Fv2%2Fmedia&parent=2841"}],"wp:term":[{"taxonomy":"category","embeddable":true,"href":"https:\/\/ilsovranista.com\/index.php?rest_route=%2Fwp%2Fv2%2Fcategories&post=2841"},{"taxonomy":"post_tag","embeddable":true,"href":"https:\/\/ilsovranista.com\/index.php?rest_route=%2Fwp%2Fv2%2Ftags&post=2841"}],"curies":[{"name":"wp","href":"https:\/\/api.w.org\/{rel}","templated":true}]}}