{"id":2824,"date":"2025-04-07T19:13:27","date_gmt":"2025-04-07T17:13:27","guid":{"rendered":"https:\/\/ilsovranista.com\/?p=2824"},"modified":"2025-04-07T19:13:27","modified_gmt":"2025-04-07T17:13:27","slug":"nato-terzi-fdi-esserne-parte-comporta-responsabilita","status":"publish","type":"post","link":"https:\/\/ilsovranista.com\/?p=2824","title":{"rendered":"Nato, Terzi (Fdi): esserne parte comporta responsabilit\u00e0"},"content":{"rendered":"<p>\u201cEssere parte della NATO \u00e8 un privilegio che comporta anche delle responsabilit\u00e0. Dopo la brutale aggressione della Russia all\u2019Ucraina, dopo quanto accaduto il 7 ottobre in Israele, \u00e8 divenuto urgente parlare di sicurezza e difesa europea. Non si tratta di fare allarmismi, n\u00e8 tantomeno snaturare l\u2019essenza dell\u2019Unione anzi, semmai \u00e8 un ritorno alle radici europee, a quella idea di comunit\u00e0 europea di difesa che era al centro dei progetti dei padri fondatori, De Gasperi in primis. Rafforzare il pilastro europeo all\u2019interno dell\u2019Alleanza Atlantica \u00e8 la via. E per un solido pilastro europeo, si intende una capacit\u00e0 autonoma di rispondere alle sfide regionali e globali e alle eventuali aggressioni, nel pi\u00f9 stretto rapporto con i nostri alleati nordamericani. Tali minacce potrebbero essere di diversa natura, non soltanto militare ma anche ibrida \u2013 penso alla disinformazione. \u00c8 quanto mai fondamentale \u2013 quindi \u2013 rendere ancor pi\u00f9 solida la cooperazione tra UE e NATO, tra UE e USA, includendo le tante dimensioni. Siamo dinanzi una enorme opportunit\u00e0, quella di riequilibrare i rapporti tra i membri della Alleanza, potenziando al tempo stesso il pilastro europeo. L\u2019Italia con il Governo Meloni pu\u00f2 giocare un ruolo di primissimo piano, a tutti i livelli, consapevole che si tratta di portare avanti una sola, forte, voce europea\u201d.<br \/>\nLo dichiara\u00a0 <strong>Giulio Terzi <\/strong>senatore di <strong>Fratelli d&#8217;Italia<\/strong>\u00a0in chiusura della conferenza \u201cEastern Europe 2025, Protecting the region from blended threats\u201d, organizzata dalla NATO Defense College Foundation.<\/p>\n","protected":false},"excerpt":{"rendered":"<p>\u201cEssere parte della NATO \u00e8 un privilegio che comporta anche delle responsabilit\u00e0. Dopo la brutale aggressione della Russia all\u2019Ucraina, dopo quanto accaduto il 7 ottobre in Israele, \u00e8 divenuto urgente parlare di sicurezza e difesa europea. Non si tratta di fare allarmismi, n\u00e8 tantomeno snaturare l\u2019essenza dell\u2019Unione anzi, semmai \u00e8 un ritorno alle radici europee, [&hellip;]<\/p>\n","protected":false},"author":3,"featured_media":2825,"comment_status":"open","ping_status":"closed","sticky":false,"template":"","format":"standard","meta":{"om_disable_all_campaigns":false,"_monsterinsights_skip_tracking":false,"_monsterinsights_sitenote_active":false,"_monsterinsights_sitenote_note":"","_monsterinsights_sitenote_category":0,"_uf_show_specific_survey":0,"_uf_disable_surveys":false,"footnotes":""},"categories":[33],"tags":[],"class_list":{"0":"post-2824","1":"post","2":"type-post","3":"status-publish","4":"format-standard","5":"has-post-thumbnail","7":"category-politica"},"aioseo_notices":[],"_links":{"self":[{"href":"https:\/\/ilsovranista.com\/index.php?rest_route=\/wp\/v2\/posts\/2824","targetHints":{"allow":["GET"]}}],"collection":[{"href":"https:\/\/ilsovranista.com\/index.php?rest_route=\/wp\/v2\/posts"}],"about":[{"href":"https:\/\/ilsovranista.com\/index.php?rest_route=\/wp\/v2\/types\/post"}],"author":[{"embeddable":true,"href":"https:\/\/ilsovranista.com\/index.php?rest_route=\/wp\/v2\/users\/3"}],"replies":[{"embeddable":true,"href":"https:\/\/ilsovranista.com\/index.php?rest_route=%2Fwp%2Fv2%2Fcomments&post=2824"}],"version-history":[{"count":1,"href":"https:\/\/ilsovranista.com\/index.php?rest_route=\/wp\/v2\/posts\/2824\/revisions"}],"predecessor-version":[{"id":2826,"href":"https:\/\/ilsovranista.com\/index.php?rest_route=\/wp\/v2\/posts\/2824\/revisions\/2826"}],"wp:featuredmedia":[{"embeddable":true,"href":"https:\/\/ilsovranista.com\/index.php?rest_route=\/wp\/v2\/media\/2825"}],"wp:attachment":[{"href":"https:\/\/ilsovranista.com\/index.php?rest_route=%2Fwp%2Fv2%2Fmedia&parent=2824"}],"wp:term":[{"taxonomy":"category","embeddable":true,"href":"https:\/\/ilsovranista.com\/index.php?rest_route=%2Fwp%2Fv2%2Fcategories&post=2824"},{"taxonomy":"post_tag","embeddable":true,"href":"https:\/\/ilsovranista.com\/index.php?rest_route=%2Fwp%2Fv2%2Ftags&post=2824"}],"curies":[{"name":"wp","href":"https:\/\/api.w.org\/{rel}","templated":true}]}}