{"id":2813,"date":"2025-04-07T17:19:23","date_gmt":"2025-04-07T15:19:23","guid":{"rendered":"https:\/\/ilsovranista.com\/?p=2813"},"modified":"2025-04-07T17:20:08","modified_gmt":"2025-04-07T15:20:08","slug":"regionali-campania-2025-lauspicio-di-ronghi-il-centrodestra-definisca-il-programma-e-il-candidato-vincente","status":"publish","type":"post","link":"https:\/\/ilsovranista.com\/?p=2813","title":{"rendered":"Regionali Campania 2025, l&#8217;auspicio di Ronghi: &#8220;il centrodestra definisca il programma e il candidato vincente&#8221;"},"content":{"rendered":"<p class=\"yiv8064916854MsoNormal\">&#8220;Al di l\u00e0 di ci\u00f2 che la Corte Costituzionale decider\u00e0, <span dir=\"ltr\">mercoled\u00ec prossimo<\/span>, sulla legge regionale cosiddetta sul \u2018terzo mandato\u2019, \u00e8 fondamentale che il centrodestra avvii il totale cambiamento di cui la Campania necessita partendo dalla definizione del programma pi\u00f9 adeguato, della migliore coalizione aperta a forze civiche e moderati e dalla indicazione di un candidato Presidente vincente&#8221;.<\/p>\n<p class=\"yiv8064916854MsoNormal\">Lo afferma\u00a0<strong>Salvatore Ronghi, <\/strong>presidente di <strong>Sud Protagonista <\/strong>che insieme \u00a0al Sen \u00a0Enzo D&#8217;Anna presidente della Federazione Nazionale dei Biologi, agli On.li Mario Landolfi gi\u00e0 \u00a0Ministro delle Comunicazioni e Amedeo Laboccetta Presidente di Polo Sud, , della Consigliera Regionale Maria Muscara&#8217;, hanno organizzato \u00a0per\u00a0<span dir=\"ltr\">sabato prossimo<\/span>, 12 Aprile, alle ore 10 al Centro Congressi dell\u2019Holiday Inn al Centro direzionale di Napoli, un confronto, sul tema \u2018Al crocevia delle speranze e delle attese: idee per la Campania\u2019<\/p>\n<p class=\"yiv8064916854MsoNormal\">&#8220;Sulla costruzione dei temi, delle priorit\u00e0 e delle strategie per migliorare i settori, dalla sanit\u00e0, del lavoro, dell\u2019ambiente, dei trasporti, dell&#8217;urbanistica, precisa Ronghi, ci sar\u00e0 il confronto tra rappresentanti del civismo e personalit\u00e0 provenienti dal mondo della politica&#8221;. Parteciperanno, inoltre, Lorenzo Manzi, Antonio De Lieto, Giuseppe Fontanarosa, Pietro Funaro, Beniamino Esposito, Roberto Ionta, Pietro Riello e Barbara Ricci.<\/p>\n","protected":false},"excerpt":{"rendered":"<p>&#8220;Al di l\u00e0 di ci\u00f2 che la Corte Costituzionale decider\u00e0, mercoled\u00ec prossimo, sulla legge regionale cosiddetta sul \u2018terzo mandato\u2019, \u00e8 fondamentale che il centrodestra avvii il totale cambiamento di cui la Campania necessita partendo dalla definizione del programma pi\u00f9 adeguato, della migliore coalizione aperta a forze civiche e moderati e dalla indicazione di un candidato [&hellip;]<\/p>\n","protected":false},"author":3,"featured_media":2814,"comment_status":"open","ping_status":"closed","sticky":false,"template":"","format":"standard","meta":{"om_disable_all_campaigns":false,"_monsterinsights_skip_tracking":false,"_monsterinsights_sitenote_active":false,"_monsterinsights_sitenote_note":"","_monsterinsights_sitenote_category":0,"_uf_show_specific_survey":0,"_uf_disable_surveys":false,"footnotes":""},"categories":[36],"tags":[],"class_list":{"0":"post-2813","1":"post","2":"type-post","3":"status-publish","4":"format-standard","5":"has-post-thumbnail","7":"category-prima-i-territori"},"aioseo_notices":[],"_links":{"self":[{"href":"https:\/\/ilsovranista.com\/index.php?rest_route=\/wp\/v2\/posts\/2813","targetHints":{"allow":["GET"]}}],"collection":[{"href":"https:\/\/ilsovranista.com\/index.php?rest_route=\/wp\/v2\/posts"}],"about":[{"href":"https:\/\/ilsovranista.com\/index.php?rest_route=\/wp\/v2\/types\/post"}],"author":[{"embeddable":true,"href":"https:\/\/ilsovranista.com\/index.php?rest_route=\/wp\/v2\/users\/3"}],"replies":[{"embeddable":true,"href":"https:\/\/ilsovranista.com\/index.php?rest_route=%2Fwp%2Fv2%2Fcomments&post=2813"}],"version-history":[{"count":1,"href":"https:\/\/ilsovranista.com\/index.php?rest_route=\/wp\/v2\/posts\/2813\/revisions"}],"predecessor-version":[{"id":2815,"href":"https:\/\/ilsovranista.com\/index.php?rest_route=\/wp\/v2\/posts\/2813\/revisions\/2815"}],"wp:featuredmedia":[{"embeddable":true,"href":"https:\/\/ilsovranista.com\/index.php?rest_route=\/wp\/v2\/media\/2814"}],"wp:attachment":[{"href":"https:\/\/ilsovranista.com\/index.php?rest_route=%2Fwp%2Fv2%2Fmedia&parent=2813"}],"wp:term":[{"taxonomy":"category","embeddable":true,"href":"https:\/\/ilsovranista.com\/index.php?rest_route=%2Fwp%2Fv2%2Fcategories&post=2813"},{"taxonomy":"post_tag","embeddable":true,"href":"https:\/\/ilsovranista.com\/index.php?rest_route=%2Fwp%2Fv2%2Ftags&post=2813"}],"curies":[{"name":"wp","href":"https:\/\/api.w.org\/{rel}","templated":true}]}}