{"id":2803,"date":"2025-04-07T05:30:29","date_gmt":"2025-04-07T03:30:29","guid":{"rendered":"https:\/\/ilsovranista.com\/?p=2803"},"modified":"2025-04-07T05:30:29","modified_gmt":"2025-04-07T03:30:29","slug":"riva-ligure-il-sindaco-giuffra-aderisce-a-fratelli-ditalia-e-precisa-sono-e-resto-antifascista","status":"publish","type":"post","link":"https:\/\/ilsovranista.com\/?p=2803","title":{"rendered":"Riva Ligure, il sindaco Giuffra aderisce a Fratelli d&#8217;Italia e precisa: &#8220;sono e resto antifascista&#8221;"},"content":{"rendered":"<p><em>Per Riva Ligure non cambier\u00e0 nulla dal punto di vista amministrativo, ci sono tanti progetti che ho avviato nel mio bel paese\u00bb.<\/em> Cos\u00ec il sindaco , <strong>Giorgio Giuffra<\/strong>, alla presentazione della suo passaggio nelle fila di <strong>Fratelli<\/strong>\u00a0<strong>d&#8217;Italia,<\/strong>\u00a0questa mattina in Piazza Ughetto, nel centro del borgo.<\/p>\n<p>&#8220;Ribadisco, precisa il sindaco Giuffra,\u00a0soffocando le polemiche social, che <strong>ero, sono e rester\u00f2 antifascista<\/strong>. Sono uomo di centro destra, ed \u00e8 noto, e moderato. Ho lo stesso percorso di\u00a0<strong>Guido Crosetto<\/strong>, che nasce come democristiano ed \u00e8 tra i fondatori di Fratelli d&#8217;Italia. Mi ha ispirato il buongoverno di <strong>Giorgia Meloni<\/strong>\u00a0e il discorso di apertura in cui ha affermato che\u00a0 la stella polare del suo esecutivo \u00e8 la legalit\u00e0. E cos\u00ec anche per me, come dimostrano le numerose iniziative nel merito che ho portato a Riva\u00bb.<\/p>\n","protected":false},"excerpt":{"rendered":"<p>Per Riva Ligure non cambier\u00e0 nulla dal punto di vista amministrativo, ci sono tanti progetti che ho avviato nel mio bel paese\u00bb. Cos\u00ec il sindaco , Giorgio Giuffra, alla presentazione della suo passaggio nelle fila di Fratelli\u00a0d&#8217;Italia,\u00a0questa mattina in Piazza Ughetto, nel centro del borgo. &#8220;Ribadisco, precisa il sindaco Giuffra,\u00a0soffocando le polemiche social, che ero, [&hellip;]<\/p>\n","protected":false},"author":3,"featured_media":2804,"comment_status":"open","ping_status":"closed","sticky":false,"template":"","format":"standard","meta":{"om_disable_all_campaigns":false,"_monsterinsights_skip_tracking":false,"_monsterinsights_sitenote_active":false,"_monsterinsights_sitenote_note":"","_monsterinsights_sitenote_category":0,"_uf_show_specific_survey":0,"_uf_disable_surveys":false,"footnotes":""},"categories":[33],"tags":[],"class_list":{"0":"post-2803","1":"post","2":"type-post","3":"status-publish","4":"format-standard","5":"has-post-thumbnail","7":"category-politica"},"aioseo_notices":[],"_links":{"self":[{"href":"https:\/\/ilsovranista.com\/index.php?rest_route=\/wp\/v2\/posts\/2803","targetHints":{"allow":["GET"]}}],"collection":[{"href":"https:\/\/ilsovranista.com\/index.php?rest_route=\/wp\/v2\/posts"}],"about":[{"href":"https:\/\/ilsovranista.com\/index.php?rest_route=\/wp\/v2\/types\/post"}],"author":[{"embeddable":true,"href":"https:\/\/ilsovranista.com\/index.php?rest_route=\/wp\/v2\/users\/3"}],"replies":[{"embeddable":true,"href":"https:\/\/ilsovranista.com\/index.php?rest_route=%2Fwp%2Fv2%2Fcomments&post=2803"}],"version-history":[{"count":1,"href":"https:\/\/ilsovranista.com\/index.php?rest_route=\/wp\/v2\/posts\/2803\/revisions"}],"predecessor-version":[{"id":2805,"href":"https:\/\/ilsovranista.com\/index.php?rest_route=\/wp\/v2\/posts\/2803\/revisions\/2805"}],"wp:featuredmedia":[{"embeddable":true,"href":"https:\/\/ilsovranista.com\/index.php?rest_route=\/wp\/v2\/media\/2804"}],"wp:attachment":[{"href":"https:\/\/ilsovranista.com\/index.php?rest_route=%2Fwp%2Fv2%2Fmedia&parent=2803"}],"wp:term":[{"taxonomy":"category","embeddable":true,"href":"https:\/\/ilsovranista.com\/index.php?rest_route=%2Fwp%2Fv2%2Fcategories&post=2803"},{"taxonomy":"post_tag","embeddable":true,"href":"https:\/\/ilsovranista.com\/index.php?rest_route=%2Fwp%2Fv2%2Ftags&post=2803"}],"curies":[{"name":"wp","href":"https:\/\/api.w.org\/{rel}","templated":true}]}}