{"id":2791,"date":"2025-04-07T05:06:47","date_gmt":"2025-04-07T03:06:47","guid":{"rendered":"https:\/\/ilsovranista.com\/?p=2791"},"modified":"2025-04-07T05:06:47","modified_gmt":"2025-04-07T03:06:47","slug":"vannacci-prende-la-tessera-della-lega-filomeni-fosse-stato-iscritto-al-carroccio-quei-voti-non-li-avrebbe-presi","status":"publish","type":"post","link":"https:\/\/ilsovranista.com\/?p=2791","title":{"rendered":"Vannacci prende la tessera della Lega. Filomeni: &#8220;fosse stato iscritto al Carroccio quei voti non li avrebbe presi\u201d"},"content":{"rendered":"<p>&#8220;\u00c8 ufficiale: <strong>Vannacci<\/strong> \u00e8 un leghista con tanto di tessera! \u00c8 un colpo basso e la notizia non dovrei commentarla \u201ca caldo\u201d perch\u00e9 potrei dire cose spiacevoli di cui pentirmene. Ma in realt\u00e0 per chi scrive non \u00e8 \u201ca caldo\u201d, in quanto il disegno era gi\u00e0 fin troppo chiaro, tant\u2019\u00e8 che un mese fa avevo deciso di rompere il sodalizio con il generale dimettendomi dalla presidenza dell\u2019Associazione \u201cIl Mondo al Contrario\u201d che io stesso avevo fondato insieme ai Camerati Bruno e Gianluca. Decisione sofferta ma inevitabile. Io stesso avevo scelto di chiamarla \u201cIl Mondo al Contrario\u201d, in onore del suo libro divenuto best seller. Per quasi due anni ho difeso a spada tratta quello che era stato un mio camerata sotto le armi pensando che potessimo esserlo anche in politica. L\u2019ho difeso pubblicamente a costo di querele e denunce (ed in effetti una \u00e8 anche arrivata)&#8221;. Lo scrive sui suoi canali social\u00a0<strong>Fabio Filomeni,\u00a0<\/strong>gi\u00e0 braccio destro di Vannacci precisando: &#8220;il\u00a0Mondo al Contrario era un comitato culturale che voleva essere l\u2019embrione di un nuovo partito, fuori dalla vecchia politica dei \u201cmaneggioni di mestiere\u201d. Un anno fa il generale aveva accettato la candidatura da \u201cINDIPENDENTE\u201d nella lista Lega per le elezioni del parlamento europeo. Noi del Mondo al Contrario ci siamo subito trasformati nel suo comitato elettorale. Abbiamo fatto di tutto per fargli prendere pi\u00f9 preferenze possibili in tutta Italia. Abbiamo convinto tanti italiani a dargli la preferenza scrivendo il suo cognome sulla scheda elettorale NONOSTANTE quel simbolo della Lega, necessario da fregare per avere valido il voto. Specificavamo a tutti che \u201cINDIPENDENTE\u201d non significava dentro la Lega e che costituiva una sorta di patto che il generale aveva preso con Salvini. Una stretta di mano che significava il classico do ut des: un salvagente per il Segretario di quel partito che navigava in acque fin troppo mosse, in cambio dell\u2019ingresso in politica con una candidatura blindata su tutto il territorio nazionale. Insomma, qualcosa che conveniva ad entrambi. Io stesso, riluttante, ho messo la mia \u201cDecima\u201d su quella scheda elettorale augurandomi che fosse l\u2019ultima volta in vita mia. La Lega, un partito campione dei trasformismi tra governi pentastellati e draghiani del green pass, ben rappresentato da un opportunista capace di indossare t-shirt \u201cPadania is not Italy\u201d o con il volto di Putin da sfoggiare davanti al Cremlino, per poi votare tutti i pacchetti di aiuti militari a Kiev nella guerra contro la Russia. \u00c8 con questo partito che il generale vuole raddrizzare il mondo? Auguri! Mi dispiace per quel mezzo milione di italiani che gli avevano dato il voto. Italiani che adesso si sentiranno traditi perch\u00e9 non gliela avrebbero mai data quella preferenza se avesse detto che, di l\u00ec a poco, sarebbe entrato nella Lega. Questa \u00e8 l\u2019amara cruda verit\u00e0. Penso anche al disorientamento di tanti nostri soci de \u201cIl Mondo al Contrario\u201d che ora hanno perso il loro riferimento perch\u00e9 non sono mai stati leghisti e neanche lo saranno. Adesso capiranno perch\u00e9, un mese fa, io, Bruno e Gianluca, abbiamo abbandonato la creatura che avevamo fondato e portato avanti con tanta dedizione e sacrifici familiari per quasi due anni! Ma per noi che seguiamo gli ideali e non le persone, la tessera di quel partito non l\u2019avremmo mai presa. A costo di rinunciare ad una sicura carriera politica. Ma ne andiamo fieri.<\/p>\n","protected":false},"excerpt":{"rendered":"<p>&#8220;\u00c8 ufficiale: Vannacci \u00e8 un leghista con tanto di tessera! \u00c8 un colpo basso e la notizia non dovrei commentarla \u201ca caldo\u201d perch\u00e9 potrei dire cose spiacevoli di cui pentirmene. Ma in realt\u00e0 per chi scrive non \u00e8 \u201ca caldo\u201d, in quanto il disegno era gi\u00e0 fin troppo chiaro, tant\u2019\u00e8 che un mese fa avevo [&hellip;]<\/p>\n","protected":false},"author":3,"featured_media":2792,"comment_status":"open","ping_status":"closed","sticky":false,"template":"","format":"standard","meta":{"om_disable_all_campaigns":false,"_monsterinsights_skip_tracking":false,"_monsterinsights_sitenote_active":false,"_monsterinsights_sitenote_note":"","_monsterinsights_sitenote_category":0,"_uf_show_specific_survey":0,"_uf_disable_surveys":false,"footnotes":""},"categories":[33],"tags":[],"class_list":{"0":"post-2791","1":"post","2":"type-post","3":"status-publish","4":"format-standard","5":"has-post-thumbnail","7":"category-politica"},"aioseo_notices":[],"_links":{"self":[{"href":"https:\/\/ilsovranista.com\/index.php?rest_route=\/wp\/v2\/posts\/2791","targetHints":{"allow":["GET"]}}],"collection":[{"href":"https:\/\/ilsovranista.com\/index.php?rest_route=\/wp\/v2\/posts"}],"about":[{"href":"https:\/\/ilsovranista.com\/index.php?rest_route=\/wp\/v2\/types\/post"}],"author":[{"embeddable":true,"href":"https:\/\/ilsovranista.com\/index.php?rest_route=\/wp\/v2\/users\/3"}],"replies":[{"embeddable":true,"href":"https:\/\/ilsovranista.com\/index.php?rest_route=%2Fwp%2Fv2%2Fcomments&post=2791"}],"version-history":[{"count":1,"href":"https:\/\/ilsovranista.com\/index.php?rest_route=\/wp\/v2\/posts\/2791\/revisions"}],"predecessor-version":[{"id":2793,"href":"https:\/\/ilsovranista.com\/index.php?rest_route=\/wp\/v2\/posts\/2791\/revisions\/2793"}],"wp:featuredmedia":[{"embeddable":true,"href":"https:\/\/ilsovranista.com\/index.php?rest_route=\/wp\/v2\/media\/2792"}],"wp:attachment":[{"href":"https:\/\/ilsovranista.com\/index.php?rest_route=%2Fwp%2Fv2%2Fmedia&parent=2791"}],"wp:term":[{"taxonomy":"category","embeddable":true,"href":"https:\/\/ilsovranista.com\/index.php?rest_route=%2Fwp%2Fv2%2Fcategories&post=2791"},{"taxonomy":"post_tag","embeddable":true,"href":"https:\/\/ilsovranista.com\/index.php?rest_route=%2Fwp%2Fv2%2Ftags&post=2791"}],"curies":[{"name":"wp","href":"https:\/\/api.w.org\/{rel}","templated":true}]}}