{"id":2775,"date":"2025-04-07T00:09:37","date_gmt":"2025-04-06T22:09:37","guid":{"rendered":"https:\/\/ilsovranista.com\/?p=2775"},"modified":"2025-04-06T21:10:45","modified_gmt":"2025-04-06T19:10:45","slug":"nappi-lega-congratulazioni-a-salvini-sara-massimo-il-mio-impegno-in-consiglio-federale","status":"publish","type":"post","link":"https:\/\/ilsovranista.com\/?p=2775","title":{"rendered":"Nappi (Lega): congratulazioni a Salvini. Sar\u00e0 massimo il mio impegno in Consiglio federale"},"content":{"rendered":"<p>&#8220;Congratulazioni e auguri di buon lavoro a <strong>Matteo Salvini,<\/strong> riconfermato segretario federale della <strong>Lega<\/strong>. Con lui proseguiremo,\u00a0 con sempre maggiore forza e determinazione, il percorso di crescita, di difesa del Paese e di affermazione dei nostri valori. A Matteo Salvini, Claudio Durigon e Aldo Patriciello, e a tutti i delegati che con il loro voto mi hanno consentito di essere eletto in Consiglio federale, un sentito grazie per la fiducia, che ripagher\u00f2 con il massimo impegno. Mi preme inoltre ringraziare il coordinatore regionale Gianpiero Zinzi, perch\u00e9 questo congresso ha reso protagonista la nostra Campania!&#8221;. Cos\u00ec in una nota <strong>Severino Nappi<\/strong>, capogruppo della <strong>Lega<\/strong> nel Consiglio regionale della Campania.<\/p>\n","protected":false},"excerpt":{"rendered":"<p>&#8220;Congratulazioni e auguri di buon lavoro a Matteo Salvini, riconfermato segretario federale della Lega. Con lui proseguiremo,\u00a0 con sempre maggiore forza e determinazione, il percorso di crescita, di difesa del Paese e di affermazione dei nostri valori. A Matteo Salvini, Claudio Durigon e Aldo Patriciello, e a tutti i delegati che con il loro voto [&hellip;]<\/p>\n","protected":false},"author":3,"featured_media":2776,"comment_status":"open","ping_status":"closed","sticky":false,"template":"","format":"standard","meta":{"om_disable_all_campaigns":false,"_monsterinsights_skip_tracking":false,"_monsterinsights_sitenote_active":false,"_monsterinsights_sitenote_note":"","_monsterinsights_sitenote_category":0,"_uf_show_specific_survey":0,"_uf_disable_surveys":false,"footnotes":""},"categories":[33],"tags":[],"class_list":{"0":"post-2775","1":"post","2":"type-post","3":"status-publish","4":"format-standard","5":"has-post-thumbnail","7":"category-politica"},"aioseo_notices":[],"_links":{"self":[{"href":"https:\/\/ilsovranista.com\/index.php?rest_route=\/wp\/v2\/posts\/2775","targetHints":{"allow":["GET"]}}],"collection":[{"href":"https:\/\/ilsovranista.com\/index.php?rest_route=\/wp\/v2\/posts"}],"about":[{"href":"https:\/\/ilsovranista.com\/index.php?rest_route=\/wp\/v2\/types\/post"}],"author":[{"embeddable":true,"href":"https:\/\/ilsovranista.com\/index.php?rest_route=\/wp\/v2\/users\/3"}],"replies":[{"embeddable":true,"href":"https:\/\/ilsovranista.com\/index.php?rest_route=%2Fwp%2Fv2%2Fcomments&post=2775"}],"version-history":[{"count":1,"href":"https:\/\/ilsovranista.com\/index.php?rest_route=\/wp\/v2\/posts\/2775\/revisions"}],"predecessor-version":[{"id":2777,"href":"https:\/\/ilsovranista.com\/index.php?rest_route=\/wp\/v2\/posts\/2775\/revisions\/2777"}],"wp:featuredmedia":[{"embeddable":true,"href":"https:\/\/ilsovranista.com\/index.php?rest_route=\/wp\/v2\/media\/2776"}],"wp:attachment":[{"href":"https:\/\/ilsovranista.com\/index.php?rest_route=%2Fwp%2Fv2%2Fmedia&parent=2775"}],"wp:term":[{"taxonomy":"category","embeddable":true,"href":"https:\/\/ilsovranista.com\/index.php?rest_route=%2Fwp%2Fv2%2Fcategories&post=2775"},{"taxonomy":"post_tag","embeddable":true,"href":"https:\/\/ilsovranista.com\/index.php?rest_route=%2Fwp%2Fv2%2Ftags&post=2775"}],"curies":[{"name":"wp","href":"https:\/\/api.w.org\/{rel}","templated":true}]}}