{"id":2766,"date":"2025-04-06T20:17:39","date_gmt":"2025-04-06T18:17:39","guid":{"rendered":"https:\/\/ilsovranista.com\/?p=2766"},"modified":"2025-04-06T20:17:39","modified_gmt":"2025-04-06T18:17:39","slug":"congresso-della-lega-meloni-pancia-a-terra-fino-alla-fine-della-legislatura","status":"publish","type":"post","link":"https:\/\/ilsovranista.com\/?p=2766","title":{"rendered":"Congresso della Lega, Meloni: pancia a terra fino alla fine della legislatura"},"content":{"rendered":"<p>&#8220;Andremo avanti pancia a terra fino alla fine della legislatura&#8221;. Lo ha detto il premier <strong>Giorgia Meloni<\/strong> in un videomessaggio al congresso della <strong>Lega,<\/strong> svoltosi nel fine settimana a Firenze, facendo riferimento alla riforma del premierato, a quella della giustizia, a quella dell&#8217;Autonomia differenziata, e spiegando che &#8220;continueremo a difendere i confini e a combattere l&#8217;immigrazione illegale di massa&#8221;.<\/p>\n<p>&#8220;E&#8217; il momento importante per qualsiasi partito, precisa Meloni, un congresso non \u00e8 mai una perdita di tempo e sempre un grande esercizio di democrazia. Stiamo governando nel momento probabilmente pi\u00f9 difficile dal Dopoguerra ad oggi. \u00c8 successo e sta succedendo un po&#8217; di tutto. Affronteremo anche il tema dei dazi, con determinazione e pragmatismo, senza allarmismi. Non abbiamo condiviso ovviamente la scelta degli Stati Uniti, ma siamo pronti a mettere in campo tutti gli strumenti &#8211; negoziali ed economici &#8211; necessari per sostenere le nostre imprese e i nostri settori che dovessero risultare penalizzati&#8221;.<\/p>\n<p>&#8220;Torneremo, conclude Meloni, a chiedere con forza all&#8217;Europa di rivedere le normative ideologiche del Green Deal e l&#8217;eccesso di regolamentazione in ogni settore, che oggi costituiscono dei veri e propri dazi interni che finirebbero per sommarsi in modo insensato a quelli esterni&#8221;<\/p>\n","protected":false},"excerpt":{"rendered":"<p>&#8220;Andremo avanti pancia a terra fino alla fine della legislatura&#8221;. Lo ha detto il premier Giorgia Meloni in un videomessaggio al congresso della Lega, svoltosi nel fine settimana a Firenze, facendo riferimento alla riforma del premierato, a quella della giustizia, a quella dell&#8217;Autonomia differenziata, e spiegando che &#8220;continueremo a difendere i confini e a combattere [&hellip;]<\/p>\n","protected":false},"author":3,"featured_media":2767,"comment_status":"open","ping_status":"closed","sticky":false,"template":"","format":"standard","meta":{"om_disable_all_campaigns":false,"_monsterinsights_skip_tracking":false,"_monsterinsights_sitenote_active":false,"_monsterinsights_sitenote_note":"","_monsterinsights_sitenote_category":0,"_uf_show_specific_survey":0,"_uf_disable_surveys":false,"footnotes":""},"categories":[33],"tags":[],"class_list":{"0":"post-2766","1":"post","2":"type-post","3":"status-publish","4":"format-standard","5":"has-post-thumbnail","7":"category-politica"},"aioseo_notices":[],"_links":{"self":[{"href":"https:\/\/ilsovranista.com\/index.php?rest_route=\/wp\/v2\/posts\/2766","targetHints":{"allow":["GET"]}}],"collection":[{"href":"https:\/\/ilsovranista.com\/index.php?rest_route=\/wp\/v2\/posts"}],"about":[{"href":"https:\/\/ilsovranista.com\/index.php?rest_route=\/wp\/v2\/types\/post"}],"author":[{"embeddable":true,"href":"https:\/\/ilsovranista.com\/index.php?rest_route=\/wp\/v2\/users\/3"}],"replies":[{"embeddable":true,"href":"https:\/\/ilsovranista.com\/index.php?rest_route=%2Fwp%2Fv2%2Fcomments&post=2766"}],"version-history":[{"count":1,"href":"https:\/\/ilsovranista.com\/index.php?rest_route=\/wp\/v2\/posts\/2766\/revisions"}],"predecessor-version":[{"id":2768,"href":"https:\/\/ilsovranista.com\/index.php?rest_route=\/wp\/v2\/posts\/2766\/revisions\/2768"}],"wp:featuredmedia":[{"embeddable":true,"href":"https:\/\/ilsovranista.com\/index.php?rest_route=\/wp\/v2\/media\/2767"}],"wp:attachment":[{"href":"https:\/\/ilsovranista.com\/index.php?rest_route=%2Fwp%2Fv2%2Fmedia&parent=2766"}],"wp:term":[{"taxonomy":"category","embeddable":true,"href":"https:\/\/ilsovranista.com\/index.php?rest_route=%2Fwp%2Fv2%2Fcategories&post=2766"},{"taxonomy":"post_tag","embeddable":true,"href":"https:\/\/ilsovranista.com\/index.php?rest_route=%2Fwp%2Fv2%2Ftags&post=2766"}],"curies":[{"name":"wp","href":"https:\/\/api.w.org\/{rel}","templated":true}]}}