{"id":2755,"date":"2025-04-05T15:35:45","date_gmt":"2025-04-05T13:35:45","guid":{"rendered":"https:\/\/ilsovranista.com\/?p=2755"},"modified":"2025-04-05T15:37:20","modified_gmt":"2025-04-05T13:37:20","slug":"renzi-autonomia-e-sovranismo-sono-lopposto-la-lega-sbaglia","status":"publish","type":"post","link":"https:\/\/ilsovranista.com\/?p=2755","title":{"rendered":"Renzi: &#8220;Autonomia e sovranismo? Sono l&#8217;opposto, la Lega sbaglia&#8221;"},"content":{"rendered":"<p class=\"p1\"><em>Intervista di Matteo Renzi per il \u00abNuova Venezia- Il Mattino di Padova- Tribuna di Treviso\u00bb del 5-04-2025<\/em><\/p>\n<p class=\"p1\">di <strong>Enrico Ferro<\/strong><\/p>\n<p><strong>Senatore Matteo Renzi, gli Stati Uniti mettono i dazi e l&#8217;Italia va in crisi. Il Nord Est \u00e8 una delle aree pi\u00f9 esposte. Cosa ne pensa?<\/strong><\/p>\n<p>\u00abI dazi sono una sciagura per la nostra economia: resto sconcertato quando sento Matteo Salvini definirli una opportunit\u00e0. Il sovranismo fa male all&#8217;Italia: alle imprese del Nord Est servono ponti, non muri. Noi abbiamo fatto industria 4.0 e il jobs act: la destra sovranista invece applaude chi colpisce il Made in Italy\u00bb.<\/p>\n<p><strong>Come supererebbe il problema?<\/strong><\/p>\n<p>\u00abGiorgia Meloni balbetta: la propaganda di Palazzo Chigi ha fatto credere che fra la premier e Donald Trump ci fosse un rapporto speciale, quando non \u00e8 ancora stata ricevuta dal Presidente americano. La verit\u00e0 \u00e8 che siamo isolati nel mondo e isolati in Ue. Ora dobbiamo reagire ai dazi uniti, come europei. E la reazione non pu\u00f2 essere molle o ci faremo percepire ancora pi\u00f9 deboli\u00bb.<\/p>\n<p><strong>Quindi?<\/strong><\/p>\n<p>\u00abL&#8217;Europa deve cambiare dal suo interno: l&#8217;iper regolamentazione, l&#8217;eccesso di burocrazia, l&#8217;ideologico green deal sono dazi che ci autoimponiamo. In questi giorni sar\u00f2 in giro per il Nord Italia per incontrare le imprese e raccoglierne le istanze\u00bb.<\/p>\n<p><strong>Cosa dovrebbe fare il Governo italiano, secondo lei?<\/strong><\/p>\n<p>\u00abMeloni dovrebbe smettere di fare l&#8217;influencer e iniziare a governare. E liberarsi di una squadra imbarazzante. Via Lollobrigida e Urso, dentro ministri scelti dal mondo del lavoro. Basta amichettismo, largo alla competenza. Bisogna intervenire su transizione 5.0 che \u00e8 ferma al palo, Pnrr, energia. E farlo al pi\u00f9 presto\u00bb.<\/p>\n<p><strong>All&#8217;orizzonte in Veneto ci sono le elezioni regionali e salvo colpi di scena non vedranno Luca Zaia candidato. Come vede questa sfida?<\/strong>\u00a0<strong>Come si colloca Italia Viva?<\/strong><\/p>\n<p>\u00abItalia Viva ha fatto una precisa scelta di campo: essere il centro che guarda a sinistra, una forza riformista all&#8217;interno del centrosinistra, a Roma come in Veneto\u00bb.<\/p>\n<p><strong>Nel pre congresso della Lega a Padova Matteo Salvini ha detto che &#8220;autonomia \u00e8 sovranismo&#8221;. Secondo lei stanno insieme questi due concetti?<\/strong><\/p>\n<p>\u00abSono l&#8217;uno l&#8217;opposto dell&#8217;altro. Ma Matteo Salvini ne dice una al giorno. \u00c8 passato dal Leoncavallo all&#8217;internazionale sovranista, non mi sorprenderei se un giorno lo vedessimo fare l&#8217;attivista in una nave delle Ong\u00bb.<\/p>\n<p><strong>Lei \u00e8 d&#8217;accordo con il limite dei mandati per i governatori di regione?<\/strong><\/p>\n<p>\u00abPenso che sia giusto discuterne\u00bb.<\/p>\n<p><strong>Davvero dopo la rottura tra lei e Calenda \u00e8 finito il terzo polo?<\/strong><\/p>\n<p>\u00abNon \u00e8 finito il terzo polo, si \u00e8 imposto nei fatti il bipolarismo. Noi abbiamo scelto di essere il centro che guarda a sinistra. Carlo Calenda applaude Giorgia Meloni. Noi la contestiamo. Sta tutta qui la differenza. Altro che psicologia, la distanza \u00e8 politica\u00bb.<\/p>\n<p><strong>Il nuovo corso di Italia Viva?<\/strong><\/p>\n<p>\u00abDi fronte al disastro di un governo di sovranisti che danneggia imprese e lavoratori, di una premier che passa dallo stare con Putin al sostenere Zelenski, da Biden a Trump, dal no all&#8217;Euro al sostegno ad Ursula von der Leyen, producendo come risultato l&#8217;irrilevanza dell&#8217;Italia, \u00e8 necessario costruire un&#8217;alternativa\u00bb.<\/p>\n<p><strong>Tornasse indietro nel tempo farebbe ancora il jobs act?<\/strong><\/p>\n<p>\u00abIl jobs act ha creato oltre un milione di posti di lavoro, ha contribuito alla crescita e allo sviluppo: certo che lo rifarei\u00bb.<\/p>\n<p><strong>Lei ha scritto il libro l&#8217;Influencer. Cosa vuole comunicare con questo saggio?<\/strong><\/p>\n<p>\u00abL&#8217;Influencer racconta chi \u00e8 davvero Giorgia Meloni: una premier che \u00e8 la numero uno nel comunicare ma che non governa. Non c&#8217;\u00e8 una riforma che abbia inciso in questi anni di governo\u00bb.<\/p>\n<p><strong>Pu\u00f2 fare qualche esempio?<\/strong><\/p>\n<p>\u00abHa aumentato le pene ma la sicurezza \u00e8 un problema nelle nostre citt\u00e0. Ha definito le tasse pizzo di Stato ma poi la pressione fiscale \u00e8 aumentata al 42,6%. Si scagliava contro le accise e poi le ha aumentate sulla benzina e sul diesel, diceva di voler sostenere la famiglia e poi ha tassato i pannolini e i prodotti sull&#8217;infanzia. L&#8217;Influencer racconta tutto, con dati, fatti, testimonianze\u00bb.<\/p>\n<p><strong>Ora per\u00f2 la premier ha promesso che toglier\u00e0 il segreto di Stato dal &#8220;caso autogrill&#8221;: quel suo incontro nella piazzola di sosta con Marco Mancini, ripreso dalla famosa professoressa che passava di 11 per caso. \u00c8 soddisfatto?<\/strong><\/p>\n<p>\u00abVedremo se alle parole seguiranno i fatti, me lo auguro\u00bb.<\/p>\n","protected":false},"excerpt":{"rendered":"<p>Intervista di Matteo Renzi per il \u00abNuova Venezia- Il Mattino di Padova- Tribuna di Treviso\u00bb del 5-04-2025 di Enrico Ferro Senatore Matteo Renzi, gli Stati Uniti mettono i dazi e l&#8217;Italia va in crisi. Il Nord Est \u00e8 una delle aree pi\u00f9 esposte. Cosa ne pensa? \u00abI dazi sono una sciagura per la nostra economia: [&hellip;]<\/p>\n","protected":false},"author":3,"featured_media":2756,"comment_status":"open","ping_status":"closed","sticky":false,"template":"","format":"standard","meta":{"om_disable_all_campaigns":false,"_monsterinsights_skip_tracking":false,"_monsterinsights_sitenote_active":false,"_monsterinsights_sitenote_note":"","_monsterinsights_sitenote_category":0,"_uf_show_specific_survey":0,"_uf_disable_surveys":false,"footnotes":""},"categories":[33],"tags":[],"class_list":{"0":"post-2755","1":"post","2":"type-post","3":"status-publish","4":"format-standard","5":"has-post-thumbnail","7":"category-politica"},"aioseo_notices":[],"_links":{"self":[{"href":"https:\/\/ilsovranista.com\/index.php?rest_route=\/wp\/v2\/posts\/2755","targetHints":{"allow":["GET"]}}],"collection":[{"href":"https:\/\/ilsovranista.com\/index.php?rest_route=\/wp\/v2\/posts"}],"about":[{"href":"https:\/\/ilsovranista.com\/index.php?rest_route=\/wp\/v2\/types\/post"}],"author":[{"embeddable":true,"href":"https:\/\/ilsovranista.com\/index.php?rest_route=\/wp\/v2\/users\/3"}],"replies":[{"embeddable":true,"href":"https:\/\/ilsovranista.com\/index.php?rest_route=%2Fwp%2Fv2%2Fcomments&post=2755"}],"version-history":[{"count":1,"href":"https:\/\/ilsovranista.com\/index.php?rest_route=\/wp\/v2\/posts\/2755\/revisions"}],"predecessor-version":[{"id":2757,"href":"https:\/\/ilsovranista.com\/index.php?rest_route=\/wp\/v2\/posts\/2755\/revisions\/2757"}],"wp:featuredmedia":[{"embeddable":true,"href":"https:\/\/ilsovranista.com\/index.php?rest_route=\/wp\/v2\/media\/2756"}],"wp:attachment":[{"href":"https:\/\/ilsovranista.com\/index.php?rest_route=%2Fwp%2Fv2%2Fmedia&parent=2755"}],"wp:term":[{"taxonomy":"category","embeddable":true,"href":"https:\/\/ilsovranista.com\/index.php?rest_route=%2Fwp%2Fv2%2Fcategories&post=2755"},{"taxonomy":"post_tag","embeddable":true,"href":"https:\/\/ilsovranista.com\/index.php?rest_route=%2Fwp%2Fv2%2Ftags&post=2755"}],"curies":[{"name":"wp","href":"https:\/\/api.w.org\/{rel}","templated":true}]}}