{"id":2720,"date":"2025-04-03T04:46:55","date_gmt":"2025-04-03T02:46:55","guid":{"rendered":"https:\/\/ilsovranista.com\/?p=2720"},"modified":"2025-04-03T04:46:55","modified_gmt":"2025-04-03T02:46:55","slug":"meloni-sbagliata-lintroduzione-di-dazi-usa-allue","status":"publish","type":"post","link":"https:\/\/ilsovranista.com\/?p=2720","title":{"rendered":"Meloni, sbagliata l&#8217;introduzione di dazi Usa all&#8217;Ue"},"content":{"rendered":"<p>&#8220;Quello americano per noi \u00e8 un mercato fondamentale ed \u00e8 evidente che\u00a0<strong>l&#8217;introduzione di nuovi dazi avrebbe risvolti pesanti per i produttori italiani<\/strong>\u00a0&#8211; continua Meloni -. Personalmente ritengo che\u00a0<strong>sarebbe un&#8217;ingiustizia anche per molti americani<\/strong>, perch\u00e9 limiterebbe la possibilit\u00e0 di acquistare e consumare le nostre eccellenze solo a chi ha la capacit\u00e0 economica di spendere di pi\u00f9.\u00a0<strong>Bisogna lavorare per scongiurare in tutti i modi possibili una guerra commerciale<\/strong>, che non avvantaggerebbe n\u00e9 gli Stati Uniti n\u00e9 l&#8217;Europa: non escludo che, se necessario, vadano immaginate risposte adeguate a difendere le nostre produzioni. La difesa dell&#8217;agroalimentare \u00e8 una priorit\u00e0 per questo governo fin dall&#8217;insediamento: lo abbiamo fatto con stanziamenti da record, con investimenti sulla competitivit\u00e0 delle filiere, con il contrasto alla contraffazione e alla concorrenza sleale, con interesse alla formazione dei giovani&#8221;.<\/p>\n<p>Lo ha affermato il premier\u00a0<strong>Giorgia Meloni a<\/strong>d un evento legato alle eccellenze italiane nell&#8217;arte culinaria, parlando a una platea che dei prodotti italiani fa il suo vanto e il suo business<\/p>\n","protected":false},"excerpt":{"rendered":"<p>&#8220;Quello americano per noi \u00e8 un mercato fondamentale ed \u00e8 evidente che\u00a0l&#8217;introduzione di nuovi dazi avrebbe risvolti pesanti per i produttori italiani\u00a0&#8211; continua Meloni -. Personalmente ritengo che\u00a0sarebbe un&#8217;ingiustizia anche per molti americani, perch\u00e9 limiterebbe la possibilit\u00e0 di acquistare e consumare le nostre eccellenze solo a chi ha la capacit\u00e0 economica di spendere di pi\u00f9.\u00a0Bisogna [&hellip;]<\/p>\n","protected":false},"author":3,"featured_media":2721,"comment_status":"open","ping_status":"closed","sticky":false,"template":"","format":"standard","meta":{"om_disable_all_campaigns":false,"_monsterinsights_skip_tracking":false,"_monsterinsights_sitenote_active":false,"_monsterinsights_sitenote_note":"","_monsterinsights_sitenote_category":0,"_uf_show_specific_survey":0,"_uf_disable_surveys":false,"footnotes":""},"categories":[33],"tags":[],"class_list":{"0":"post-2720","1":"post","2":"type-post","3":"status-publish","4":"format-standard","5":"has-post-thumbnail","7":"category-politica"},"aioseo_notices":[],"_links":{"self":[{"href":"https:\/\/ilsovranista.com\/index.php?rest_route=\/wp\/v2\/posts\/2720","targetHints":{"allow":["GET"]}}],"collection":[{"href":"https:\/\/ilsovranista.com\/index.php?rest_route=\/wp\/v2\/posts"}],"about":[{"href":"https:\/\/ilsovranista.com\/index.php?rest_route=\/wp\/v2\/types\/post"}],"author":[{"embeddable":true,"href":"https:\/\/ilsovranista.com\/index.php?rest_route=\/wp\/v2\/users\/3"}],"replies":[{"embeddable":true,"href":"https:\/\/ilsovranista.com\/index.php?rest_route=%2Fwp%2Fv2%2Fcomments&post=2720"}],"version-history":[{"count":1,"href":"https:\/\/ilsovranista.com\/index.php?rest_route=\/wp\/v2\/posts\/2720\/revisions"}],"predecessor-version":[{"id":2722,"href":"https:\/\/ilsovranista.com\/index.php?rest_route=\/wp\/v2\/posts\/2720\/revisions\/2722"}],"wp:featuredmedia":[{"embeddable":true,"href":"https:\/\/ilsovranista.com\/index.php?rest_route=\/wp\/v2\/media\/2721"}],"wp:attachment":[{"href":"https:\/\/ilsovranista.com\/index.php?rest_route=%2Fwp%2Fv2%2Fmedia&parent=2720"}],"wp:term":[{"taxonomy":"category","embeddable":true,"href":"https:\/\/ilsovranista.com\/index.php?rest_route=%2Fwp%2Fv2%2Fcategories&post=2720"},{"taxonomy":"post_tag","embeddable":true,"href":"https:\/\/ilsovranista.com\/index.php?rest_route=%2Fwp%2Fv2%2Ftags&post=2720"}],"curies":[{"name":"wp","href":"https:\/\/api.w.org\/{rel}","templated":true}]}}