{"id":2704,"date":"2025-04-02T17:30:04","date_gmt":"2025-04-02T15:30:04","guid":{"rendered":"https:\/\/ilsovranista.com\/?p=2704"},"modified":"2025-04-02T17:30:04","modified_gmt":"2025-04-02T15:30:04","slug":"condanna-di-marine-le-pen-ceccardi-lega-democrazia-in-pericolo","status":"publish","type":"post","link":"https:\/\/ilsovranista.com\/?p=2704","title":{"rendered":"Condanna di Marine Le Pen, Ceccardi (Lega): democrazia in pericolo"},"content":{"rendered":"<p>&#8220;L&#8217;arresto e l&#8217;interdizione dalla partecipazione politica degli oppositori \u00e8 una delle caratteristiche pi\u00f9 evidenti dei regimi autoritari e purtroppo la Turchia di Erdogan ce ne offre da tempo esempi concreti. Ma siccome chi vuole far entrare la Turchia da 20 anni in Europa non ci \u00e8 riuscito, allora ha deciso di far somigliare il pi\u00f9 possibile l&#8217;Europa alla Turchia. Perch\u00e9 \u00e8 paradossale che mentre noi siamo qui a commentare e condannare giustamente l&#8217;arresto del sindaco di Istanbul, in Francia la leader del principale partito di opposizione \u00e8 stata condannata all&#8217;interdizione dalla candidatura per i prossimi 5 anni. In Francia, non in una Repubblica del Centrafrica qualsiasi! Ieri \u00e8 toccato alla Romania, oggi alla Francia. Ci hanno provato con Trump, ci hanno provato con Matteo Salvini, oggi ci sono riusciti con Bolsonaro, con <strong>Marine le Pen,<\/strong> con i romeni. E chi sar\u00e0 il prossimo? Chi sar\u00e0? La democrazia non \u00e8 in pericolo solo in Turchia. \u00c8 in pericolo proprio qua, a casa nostra. Ecco perch\u00e9 la voce dei Patrioti deve levarsi sempre pi\u00f9 forte. Perch\u00e9 a sinistra la libert\u00e0 e la democrazia non l&#8217;hanno mai amata. sono sempre i soliti. Gi\u00f9 la maschera, siete sempre i soliti poveri comunisti!&#8221;.<\/p>\n<p>Lo ha affermato\u00a0 <strong>Susanna Ceccardi<\/strong>, parlamentare europeo della Lega\u00a0 intervenendo in aula al dibattito &#8220;Repressione della democrazia in Turchia e arresto di Ekrem Imamoglu&#8221; nel corso dell&#8217;odierna seduta plenaria del Parlamento europeo a Strasburgo.<\/p>\n","protected":false},"excerpt":{"rendered":"<p>&#8220;L&#8217;arresto e l&#8217;interdizione dalla partecipazione politica degli oppositori \u00e8 una delle caratteristiche pi\u00f9 evidenti dei regimi autoritari e purtroppo la Turchia di Erdogan ce ne offre da tempo esempi concreti. Ma siccome chi vuole far entrare la Turchia da 20 anni in Europa non ci \u00e8 riuscito, allora ha deciso di far somigliare il pi\u00f9 [&hellip;]<\/p>\n","protected":false},"author":3,"featured_media":2705,"comment_status":"open","ping_status":"closed","sticky":false,"template":"","format":"standard","meta":{"om_disable_all_campaigns":false,"_monsterinsights_skip_tracking":false,"_monsterinsights_sitenote_active":false,"_monsterinsights_sitenote_note":"","_monsterinsights_sitenote_category":0,"_uf_show_specific_survey":0,"_uf_disable_surveys":false,"footnotes":""},"categories":[33],"tags":[],"class_list":{"0":"post-2704","1":"post","2":"type-post","3":"status-publish","4":"format-standard","5":"has-post-thumbnail","7":"category-politica"},"aioseo_notices":[],"_links":{"self":[{"href":"https:\/\/ilsovranista.com\/index.php?rest_route=\/wp\/v2\/posts\/2704","targetHints":{"allow":["GET"]}}],"collection":[{"href":"https:\/\/ilsovranista.com\/index.php?rest_route=\/wp\/v2\/posts"}],"about":[{"href":"https:\/\/ilsovranista.com\/index.php?rest_route=\/wp\/v2\/types\/post"}],"author":[{"embeddable":true,"href":"https:\/\/ilsovranista.com\/index.php?rest_route=\/wp\/v2\/users\/3"}],"replies":[{"embeddable":true,"href":"https:\/\/ilsovranista.com\/index.php?rest_route=%2Fwp%2Fv2%2Fcomments&post=2704"}],"version-history":[{"count":1,"href":"https:\/\/ilsovranista.com\/index.php?rest_route=\/wp\/v2\/posts\/2704\/revisions"}],"predecessor-version":[{"id":2706,"href":"https:\/\/ilsovranista.com\/index.php?rest_route=\/wp\/v2\/posts\/2704\/revisions\/2706"}],"wp:featuredmedia":[{"embeddable":true,"href":"https:\/\/ilsovranista.com\/index.php?rest_route=\/wp\/v2\/media\/2705"}],"wp:attachment":[{"href":"https:\/\/ilsovranista.com\/index.php?rest_route=%2Fwp%2Fv2%2Fmedia&parent=2704"}],"wp:term":[{"taxonomy":"category","embeddable":true,"href":"https:\/\/ilsovranista.com\/index.php?rest_route=%2Fwp%2Fv2%2Fcategories&post=2704"},{"taxonomy":"post_tag","embeddable":true,"href":"https:\/\/ilsovranista.com\/index.php?rest_route=%2Fwp%2Fv2%2Ftags&post=2704"}],"curies":[{"name":"wp","href":"https:\/\/api.w.org\/{rel}","templated":true}]}}