{"id":2662,"date":"2025-03-30T19:00:31","date_gmt":"2025-03-30T17:00:31","guid":{"rendered":"https:\/\/ilsovranista.com\/?p=2662"},"modified":"2025-03-30T19:04:32","modified_gmt":"2025-03-30T17:04:32","slug":"azione-fratelli-ditalia-donzelli-apre-a-unalleanza-nelle-marche-con-calenda-si-puo-parlare","status":"publish","type":"post","link":"https:\/\/ilsovranista.com\/?p=2662","title":{"rendered":"Azione-Fratelli d\u2019Italia, Donzelli apre a un\u2019alleanza nelle Marche: \u201cCon Calenda si pu\u00f2 parlare&#8221;"},"content":{"rendered":"<p>\u201cFacciamo l\u2019<strong>accordo per le Regionali<\/strong>? Pi\u00f9 di met\u00e0 partito \u00e8 per Acquaroli\u201d, chiede il dirigente di Azione nelle Marche. \u201c<strong>Penso proprio di s\u00ec<\/strong>\u201c, risponde<strong>\u00a0Giovanni Donzelli<\/strong>, responsabile organizzazione di Fratelli d\u2019Italia. Lo scambio, riportato da\u00a0<em>Repubblica<\/em>, si svolge a margine del congresso del partito di\u00a0<strong>Carlo Calenda<\/strong>\u00a0a Roma,\u00a0a cui sabato \u00e8 stata ospite d\u2019onore \u2013 tra applausi e lodi reciproche \u2013 la premier<strong>\u00a0Giorgia Meloni<\/strong>. Sarebbe un clamoroso avvicinamento politico tra due forze politiche cosi divergenti che potrebbe addirittura trasformarsi in una alleanza elettorale per le regionali delle Marche previste per il prossimo autunno. A sfidarsi saranno l&#8217;uscente <strong>Francesco Acquaroli,\u00a0<\/strong>esponente di\u00a0<strong>Fratelli d&#8217;Italia\u00a0<\/strong>e <strong>Matteo Ricci<\/strong>, sindaco di Pesaro, parlamentare europeo del Pd.<\/p>\n<p>Una mossa quella di Azione che potrebbe essere considerate come un posizionamento rispetto alla scelta d\u00a0di <strong>Matteo Renzi<\/strong>, ex alleato nel fu \u201cTerzo polo\u201d, di schierare Italia viva stabilmente nel centrosinistra dopo varie alleanze locali con la maggioranza.<\/p>\n","protected":false},"excerpt":{"rendered":"<p>\u201cFacciamo l\u2019accordo per le Regionali? Pi\u00f9 di met\u00e0 partito \u00e8 per Acquaroli\u201d, chiede il dirigente di Azione nelle Marche. \u201cPenso proprio di s\u00ec\u201c, risponde\u00a0Giovanni Donzelli, responsabile organizzazione di Fratelli d\u2019Italia. Lo scambio, riportato da\u00a0Repubblica, si svolge a margine del congresso del partito di\u00a0Carlo Calenda\u00a0a Roma,\u00a0a cui sabato \u00e8 stata ospite d\u2019onore \u2013 tra applausi e [&hellip;]<\/p>\n","protected":false},"author":3,"featured_media":2663,"comment_status":"open","ping_status":"closed","sticky":false,"template":"","format":"standard","meta":{"om_disable_all_campaigns":false,"_monsterinsights_skip_tracking":false,"_monsterinsights_sitenote_active":false,"_monsterinsights_sitenote_note":"","_monsterinsights_sitenote_category":0,"_uf_show_specific_survey":0,"_uf_disable_surveys":false,"footnotes":""},"categories":[33],"tags":[],"class_list":{"0":"post-2662","1":"post","2":"type-post","3":"status-publish","4":"format-standard","5":"has-post-thumbnail","7":"category-politica"},"aioseo_notices":[],"_links":{"self":[{"href":"https:\/\/ilsovranista.com\/index.php?rest_route=\/wp\/v2\/posts\/2662","targetHints":{"allow":["GET"]}}],"collection":[{"href":"https:\/\/ilsovranista.com\/index.php?rest_route=\/wp\/v2\/posts"}],"about":[{"href":"https:\/\/ilsovranista.com\/index.php?rest_route=\/wp\/v2\/types\/post"}],"author":[{"embeddable":true,"href":"https:\/\/ilsovranista.com\/index.php?rest_route=\/wp\/v2\/users\/3"}],"replies":[{"embeddable":true,"href":"https:\/\/ilsovranista.com\/index.php?rest_route=%2Fwp%2Fv2%2Fcomments&post=2662"}],"version-history":[{"count":2,"href":"https:\/\/ilsovranista.com\/index.php?rest_route=\/wp\/v2\/posts\/2662\/revisions"}],"predecessor-version":[{"id":2665,"href":"https:\/\/ilsovranista.com\/index.php?rest_route=\/wp\/v2\/posts\/2662\/revisions\/2665"}],"wp:featuredmedia":[{"embeddable":true,"href":"https:\/\/ilsovranista.com\/index.php?rest_route=\/wp\/v2\/media\/2663"}],"wp:attachment":[{"href":"https:\/\/ilsovranista.com\/index.php?rest_route=%2Fwp%2Fv2%2Fmedia&parent=2662"}],"wp:term":[{"taxonomy":"category","embeddable":true,"href":"https:\/\/ilsovranista.com\/index.php?rest_route=%2Fwp%2Fv2%2Fcategories&post=2662"},{"taxonomy":"post_tag","embeddable":true,"href":"https:\/\/ilsovranista.com\/index.php?rest_route=%2Fwp%2Fv2%2Ftags&post=2662"}],"curies":[{"name":"wp","href":"https:\/\/api.w.org\/{rel}","templated":true}]}}