{"id":2654,"date":"2025-03-30T11:35:21","date_gmt":"2025-03-30T09:35:21","guid":{"rendered":"https:\/\/ilsovranista.com\/?p=2654"},"modified":"2025-03-30T11:35:21","modified_gmt":"2025-03-30T09:35:21","slug":"comunali-lamezia-bevilacqua-il-candidato-nazionalpopolare-che-piace-al-popolo","status":"publish","type":"post","link":"https:\/\/ilsovranista.com\/?p=2654","title":{"rendered":"Comunali Lamezia, Bevilacqua il candidato nazionalpopolare che piace al popolo"},"content":{"rendered":"<p>&nbsp;<\/p>\n<p>Di <strong>Igor<\/strong> <strong>Colombo<\/strong><\/p>\n<p>Lamezia Terme, importante citt\u00e0 baricentrica della Calabria, coi suoi circa 70 mila abitanti rappresenta uno dei pi\u00f9 grossi centri della regione. Principale snodo ferroviario della Calabria, ospita anche l\u2019Aeroporto internazionale. Il 25 e 26 maggio i lametini saranno chiamati alle urne per eleggere il nuovo sindaco ed il Consiglio Comunale. Alla griglia di partenza ci sono tre candidati a sindaco: il centrodestra che ha proposto come sindaco l\u2019avvocato Mario Murone, un professionista avulso dalla militanza nei partiti politici, un uomo della societ\u00e0 civile; il centrosinistra candidata un ex magistrato, la dottoressa Doris Lo Moro, gi\u00e0 sindaco della citt\u00e0 negli anni novanta per due mandati ed ex parlamentare, nonch\u00e9 anche assessore regionale al delicato ramo della sanit\u00e0; infine troviamo come terzo polo, Giampaolo Bevilacqua, un semplice dipendente pubblico con per\u00f2 importanti esperienze politiche alle spalle. Bevilacqua un passato in Forza Italia, \u00e8 stato consigliere comunale, provinciale ed ha ricoperto ruoli apicali in vari enti e societ\u00e0 partecipate. Oggi si presenta alla citt\u00e0 da civico. Nel 2013 ha dovuto affrontare un procedimento giudiziario con l\u2019inchiesta Perseo dove per\u00f2 alla fine \u00e8 uscito pulito ed assolto a formula piena, oggi cerca il suo riscatto umano e politico. E\u2019 su di lui che si accende la curiosit\u00e0 dei pi\u00f9. Sono gi\u00e0 quattro le liste che supporteranno Giampaolo Bevilacqua nella sua corsa a diventare sindaco di Lamezia Terme. Colpisce tanto la sua tenacia quanto la sua semplicit\u00e0. Non \u00e8 dotato di grandi qualit\u00e0 oratorie a lui piace essere concreto e non nega a nessuno la propria attenzione. Sentito un po\u2019 l\u2019umore tra i lametini, ci siamo accorti che anche molti elettori che anni fa, votavano a Lamezia Terme per Forza Nuova e Casapound, oggi dicono di preferire e sostenere lui. A Bevilacqua sembrano essere vicini anche due esponenti nazional-popolari, come Paolo Di Matteo e Pasqualina Ventura, dirigenti regionali del partito Exit-Sovranit\u00e0 per l\u2019Italia, partito fondato dall\u2019ex leader di Casapound Simone Di Stefano. Giampaolo Bevilacqua \u00e8 il candidato che piace sempre pi\u00f9 alla gente di Lamezia Terme, seppur non avendo mai avuto esperienze nei partiti e movimenti di stampo patriottico, si pu\u00f2 dire che lui \u00e8 il nuovo candidato nazional-popolare , d\u2019altra parte lo slogan che Bevilacqua si \u00e8 scelto per questa campagna elettorale , \u00e8 proprio \u201cil sindaco del popolo\u201d. Cresce sempre pi\u00f9 l\u2019entusiasmo e la curiosit\u00e0 intorno a questa figura che nuova non sar\u00e0 , ma che si ripresenta rinnovata sotto l\u2019aspetto dell\u2019appartenenza politica e delle idee soprattutto. Bevilacqua \u00e8 gi\u00e0 certamente quello che si definisce l\u2019ago della bilancia, ma i suoi sostenitori e la sua squadra vanno addirittura oltre, perch\u00e9 secondo loro sar\u00e0 lui il prossimo sindaco della citt\u00e0. Considerando che l\u2019ultima volta a diventare sindaco \u00e8 stato un civico come l\u2019avvocato Paolo Mascaro che con sole due liste ha sbaragliato i due poli principali, la previsione dei sostenitori di Bevilacqua non \u00e8 poi cos\u00ec tanto peregrina. Chi vivr\u00e0 vedr\u00e0.<\/p>\n","protected":false},"excerpt":{"rendered":"<p>&nbsp; Di Igor Colombo Lamezia Terme, importante citt\u00e0 baricentrica della Calabria, coi suoi circa 70 mila abitanti rappresenta uno dei pi\u00f9 grossi centri della regione. Principale snodo ferroviario della Calabria, ospita anche l\u2019Aeroporto internazionale. Il 25 e 26 maggio i lametini saranno chiamati alle urne per eleggere il nuovo sindaco ed il Consiglio Comunale. Alla [&hellip;]<\/p>\n","protected":false},"author":3,"featured_media":2655,"comment_status":"open","ping_status":"closed","sticky":false,"template":"","format":"standard","meta":{"om_disable_all_campaigns":false,"_monsterinsights_skip_tracking":false,"_monsterinsights_sitenote_active":false,"_monsterinsights_sitenote_note":"","_monsterinsights_sitenote_category":0,"_uf_show_specific_survey":0,"_uf_disable_surveys":false,"footnotes":""},"categories":[36],"tags":[],"class_list":{"0":"post-2654","1":"post","2":"type-post","3":"status-publish","4":"format-standard","5":"has-post-thumbnail","7":"category-prima-i-territori"},"aioseo_notices":[],"_links":{"self":[{"href":"https:\/\/ilsovranista.com\/index.php?rest_route=\/wp\/v2\/posts\/2654","targetHints":{"allow":["GET"]}}],"collection":[{"href":"https:\/\/ilsovranista.com\/index.php?rest_route=\/wp\/v2\/posts"}],"about":[{"href":"https:\/\/ilsovranista.com\/index.php?rest_route=\/wp\/v2\/types\/post"}],"author":[{"embeddable":true,"href":"https:\/\/ilsovranista.com\/index.php?rest_route=\/wp\/v2\/users\/3"}],"replies":[{"embeddable":true,"href":"https:\/\/ilsovranista.com\/index.php?rest_route=%2Fwp%2Fv2%2Fcomments&post=2654"}],"version-history":[{"count":1,"href":"https:\/\/ilsovranista.com\/index.php?rest_route=\/wp\/v2\/posts\/2654\/revisions"}],"predecessor-version":[{"id":2656,"href":"https:\/\/ilsovranista.com\/index.php?rest_route=\/wp\/v2\/posts\/2654\/revisions\/2656"}],"wp:featuredmedia":[{"embeddable":true,"href":"https:\/\/ilsovranista.com\/index.php?rest_route=\/wp\/v2\/media\/2655"}],"wp:attachment":[{"href":"https:\/\/ilsovranista.com\/index.php?rest_route=%2Fwp%2Fv2%2Fmedia&parent=2654"}],"wp:term":[{"taxonomy":"category","embeddable":true,"href":"https:\/\/ilsovranista.com\/index.php?rest_route=%2Fwp%2Fv2%2Fcategories&post=2654"},{"taxonomy":"post_tag","embeddable":true,"href":"https:\/\/ilsovranista.com\/index.php?rest_route=%2Fwp%2Fv2%2Ftags&post=2654"}],"curies":[{"name":"wp","href":"https:\/\/api.w.org\/{rel}","templated":true}]}}