{"id":2644,"date":"2025-03-30T05:46:30","date_gmt":"2025-03-30T03:46:30","guid":{"rendered":"https:\/\/ilsovranista.com\/?p=2644"},"modified":"2025-03-30T05:46:30","modified_gmt":"2025-03-30T03:46:30","slug":"gianfranco-fini-per-meloni-arrivera-lora-della-verita-e-sicura-che-trump-ci-consideri-alleati","status":"publish","type":"post","link":"https:\/\/ilsovranista.com\/?p=2644","title":{"rendered":"Gianfranco Fini: &#8220;Per Meloni arriver\u00e0 l&#8217;ora della verit\u00e0: \u00e8 sicura che Trump ci consideri alleati?"},"content":{"rendered":"<p><strong>Estratto dell\u2019articolo di Giulio Ucciero per\u00a0<a href=\"https:\/\/www.huffingtonpost.it\/\" target=\"_blank\" rel=\"noopener\">https:\/\/www.huffingtonpost.it<\/a><\/strong><\/p>\n<p class=\"disable\">\u201cResistenza, resistenza, resistenza\u201d. <strong>Gianfranco Fini<\/strong>, ex leader del Movimento sociale italiano e poi di Alleanza Nazionale, gi\u00e0 ministro degli Esteri e presidente della Camera dei deputati, non ha dubbi sul ruolo che l\u2019Europa deve giocare in Ucraina: \u201cDobbiamo stare al fianco di Kiev fino alla fine\u201d.<\/p>\n<p class=\"disable\">[\u2026] \u00a0Fini apprezza la prudenza di Giorgia Meloni, ma mette in guardia la premier sul rapporto con Stati Uniti: \u201cAnche per lei arriver\u00e0 il tempo della verit\u00e0, \u00e8 sicura che Trump ci consideri suoi alleati?\u201d.<\/p>\n<p class=\"disable\">\n<p class=\"disable\"><strong>Presidente Fini, partiamo dalla stretta attualit\u00e0 internazionale. Ieri, il vertice di Parigi ha messo allo stesso tavolo un gruppo di leader europei s\u00ec volenterosi, ma di certo poco uniti. Come giudica l\u2019esito dell\u2019incontro?<\/strong><\/p>\n<p class=\"disable\">\u201cPenso sia positivo che siano state mantenute le sanzioni alla Russia, con buona pace di Putin. Una decisione unanime accompagnata da un altro consenso condiviso: non si pu\u00f2 abbandonare l\u2019Ucraina a se stessa, bisogna continuare a sostenerla con determinazione [\u2026].\u201d<\/p>\n<p class=\"disable\">\n<p><a class=\"float-left img-wrapper\" href=\"https:\/\/www.dagospia.com\/media-gallery\/dago-fotogallery-465940\/2081750\"><img decoding=\"async\" id=\"2081750\" src=\"https:\/\/static.dagospia.com\/img\/foto\/01-2025\/donald-trump-e-giorgia-meloni-a-mar-a-lago-2081750_800_q50.webp\" \/><span class=\"img-title\">DONALD TRUMP E GIORGIA MELONI A MAR-A-LAGO<\/span><\/a><\/p>\n<p class=\"disable\"><strong>Per\u00f2 Francia e Regno Unito avanzano per conto loro, proponendo una forza di rassicurazione con militari franco-britannici in Ucraina. \u00c8 la soluzione giusta? L\u2019Italia si \u00e8 sfilata.<\/strong><\/p>\n<p class=\"disable\">\u201cEra scontato che ci fossero delle divisioni circa la possibilit\u00e0 o l\u2019opportunit\u00e0 di una presenza di soldati delle forze armate dei Paesi dell&#8217;Ue sul territorio ucraino. Non si \u00e8 meravigliato nessuno. E ricordo che non si \u00e8 opposta solo l&#8217;Italia, ma anche la Spagna e la Polonia. Le perplessit\u00e0 sono pi\u00f9 che legittime, sono fondate\u2026\u201d<\/p>\n<p class=\"disable\">\n<p class=\"disable\">[\u2026] <strong>Cos\u2019\u00e8 una pace giusta?<\/strong><\/p>\n<p class=\"disable\">\u201cQuesto \u00e8 il punto dolente, perch\u00e9 se guardiamo alle dichiarazioni russe, a quelle americane e a quelle ucraine, tutti chiedono una pace giusta, ma la intendono in modo molto diverso. Tra Mosca e Kiev c&#8217;\u00e8 un&#8217;interpretazione non solo non coincidente, ma opposta nel merito: per Kiev, la pace giusta non pu\u00f2 avvenire con l&#8217;amputazione del 20% del territorio nazionale. Sarebbe una resa pi\u00f9 che una pace. E gli ucraini hanno ragione a chiedere sicurezza, per difendersi qualora ci sia una nuova aggressione russa. Non va dimenticato che la Crimea fu conquistata dopo i cosiddetti protocolli di Minsk\u201d.<\/p>\n<p class=\"disable\">\n<p class=\"disable\"><strong>E Mosca?<\/strong><\/p>\n<p><a class=\"float-right img-wrapper\" href=\"https:\/\/www.dagospia.com\/media-gallery\/dago-fotogallery-465940\/2113466\"><img decoding=\"async\" id=\"2113466\" src=\"https:\/\/static.dagospia.com\/img\/foto\/03-2025\/giorgia-meloni-intervistata-dal-financial-times-2113466_800_q50.webp\" \/><span class=\"img-title\">GIORGIA MELONI INTERVISTATA DAL FINANCIAL TIMES<\/span><\/a><\/p>\n<p class=\"disable\">\u201cIl Cremlino non ci pensa nemmeno lontanamente ad accettare queste richieste e finge di non capire in cosa consiste la sicurezza dell\u2019Ucraina. Mosca non accetter\u00e0 mai non solo l&#8217;ingresso dell&#8217;Ucraina nella Nato, ma anche nell&#8217;Unione europea. [\u2026]\u201d<\/p>\n<p class=\"disable\">\n<p class=\"disable\"><strong>Donald Trump non sembra volersi soffermare su tutti questi particolari. Il presidente Usa va dritto al sodo.<\/strong><\/p>\n<p class=\"disable\">\u201cPur di presentarsi al mondo come colui che ha fatto la pace, Trump dice che la posizione russa \u00e8 ragionevole. Se cos\u00ec sar\u00e0 anche in futuro, questo porr\u00e0 inequivocabilmente un problema a tutti. Avallando le richieste di Mosca, gli Stati Uniti genereranno conseguenze, di cui anche il governo italiano non potr\u00e0 non prendere atto negativamente\u201d.<\/p>\n<p class=\"disable\">\n<p class=\"disable\"><strong>Da mesi, Giorgia Meloni sta insistendo su un impegno militare, di pace, solo sotto l\u2019egida dell\u2019Onu.<\/strong><\/p>\n<p class=\"disable\">\u201cCredo che quella del governo sia l&#8217;unica posizione possibile. Altrimenti Mosca avrebbe ragione nel sostenere che la Nato \u00e8 in guerra con la Russia. Detto ci\u00f3, se qualcuno mi dice che la proposta di caschi blu in Ucraina pu\u00f2 essere approvata al Palazzo di vetro, io gli chiedo se fa sul serio. Figuratevi se la Russia, che ha il diritto di veto (in Consiglio di Sicurezza, ndr), avallerebbe mai una proposta del genere. E la Cina non credo si comporterebbe diversamente.<\/p>\n<p class=\"disable\">\n<p><a class=\"float-left img-wrapper\" href=\"https:\/\/www.dagospia.com\/media-gallery\/dago-fotogallery-465940\/2050941\"><img decoding=\"async\" id=\"2050941\" src=\"https:\/\/static.dagospia.com\/img\/foto\/10-2024\/ursula-von-der-leyen-giorgia-meloni-foto-lapresse-2050941_800_q50.webp\" \/><span class=\"img-title\">ursula von der leyen giorgia meloni &#8211; foto lapresse<\/span><\/a><\/p>\n<p class=\"disable\"><strong>Presidente, quindi fino a che punto dobbiamo sostenere Kiev?<\/strong><\/p>\n<p class=\"disable\">\u201cResistenza, resistenza, resistenza. Senza tentennamenti e finch\u00e9 necessario. L\u00ec c\u2019\u00e8 un popolo europeo aggredito militarmente, non possiamo abbandonarlo. Gli ucraini sanno cosa vuol dire stare sotto il dominio di Mosca, non vogliono diventare un vassallo come la Bielorussia\u201d.<\/p>\n<p class=\"disable\">\n<p class=\"disable\"><strong>Si aspettava un atteggiamento cos\u00ec decisionista degli Stati Uniti? Che giudizio d\u00e0 dei primi mesi dell\u2019amministrazione Trump?<\/strong><\/p>\n<p class=\"disable\">\u201cGi\u00e0 in campagna elettorale e per certi aspetti anche nel primo mandato, Trump aveva fatto capire molto. Il suo obiettivo \u00e8 America First, qualcosa di simile alla dottrina Monroe: l&#8217;America agli americani. Una fortezza autosufficiente e invincibile, non a caso nel mirino di Trump c\u2019\u00e8 anche il nord degli Stati Uniti, cio\u00e8 il Canada\u201d.<\/p>\n<p class=\"disable\">\n<p><a class=\"float-right img-wrapper\" href=\"https:\/\/www.dagospia.com\/media-gallery\/dago-fotogallery-465940\/1739032\"><img decoding=\"async\" id=\"1739032\" src=\"https:\/\/static.dagospia.com\/img\/foto\/10-2022\/giorgia-meloni-gianfranco-fini-2007-1739032_800_q50.webp\" \/><span class=\"img-title\">giorgia meloni gianfranco fini 2007<\/span><\/a><\/p>\n<p class=\"disable\"><strong>In un\u2019intervista al Financial Times, Giorgia Meloni si \u00e8 definita pi\u00f9 vicina a Trump che a certi leader europei. Che ne pensa?<\/strong><\/p>\n<p class=\"disable\">\u201cCredo di capirne la ragione. Non c&#8217;\u00e8 ombra di dubbio che chi ha una cultura politica conservatrice, chiamiamola cos\u00ec per comodit\u00e0 di linguaggio, sia lieto del fatto che il presidente degli Stati Uniti condanni in modo nettissimo la subcultura woke, il politicamente corretto, la cosiddetta cancel culture\u201d.<\/p>\n<p class=\"disable\">\n<p class=\"disable\"><strong>Ecco, la premier ha detto di apprezzare e condividere il durissimo discorso che il vicepresidente JD Vance ha tenuto alla conferenza di Monaco. Un attacco deciso all\u2019Europa, non trova?<\/strong><\/p>\n<p class=\"disable\">\u201cHo riascoltato quel discorso. Vance non ha modi raffinati, certo. Quando fa riferimento al Quinto emendamento, alla libert\u00e0 di parola, dice che di quella vulgata woke non se ne poteva pi\u00f9 e interpreta il sentimento di tanti cittadini statunitensi, non solo repubblicani.<\/p>\n<p class=\"disable\">\n<p class=\"disable\">D\u2019altronde, \u00e8 un delirio nato in una quella sinistra californiana che voleva buttare gi\u00f9 le statue di colombo perch\u00e9, scoprendo l\u2019America, aveva reso possibile secoli dopo la deportazione di schiavi neri. Un estremismo non solo lessicale, un insulto alla storia oltre che al buon senso.\u00a0 Attenzione per\u00f2 al rischio insito al modo in cui Trump e Vance affrontano la questione\u201d.<\/p>\n<p class=\"disable\">\n<p class=\"disable\"><strong>Quale?<\/strong><\/p>\n<p><a class=\"float-left img-wrapper\" href=\"https:\/\/www.dagospia.com\/media-gallery\/dago-fotogallery-465940\/2113540\"><img decoding=\"async\" id=\"2113540\" src=\"https:\/\/static.dagospia.com\/img\/foto\/03-2025\/giorgia-meloni-l-amica-immaginaria-prima-pagina-del-manifesto-2113540_800_q50.webp\" \/><span class=\"img-title\">GIORGIA MELONI &#8211; L AMICA IMMAGINARIA &#8211; PRIMA PAGINA DEL MANIFESTO<\/span><\/a><\/p>\n<p class=\"disable\">\u00c8 giusto sostenere che in natura non c\u2019\u00e8 il genere X, ma c\u2019\u00e8 il maschile e il femminile ma sarebbe semplicemente disastroso se da ci\u00f2 scaturisse una politica di discriminazione verso gli omosessuali o i transessuali\u201d.<\/p>\n<p class=\"disable\">\n<p class=\"disable\"><strong>Ma Giorgia Meloni che c\u2019entra con questo discorso?<\/strong><\/p>\n<p class=\"disable\">\u201cIntendo dire che le destre devono esser coscienti che, politically correct o meno, l\u2019uguaglianza dei cittadini davanti alla legge \u00e8 un diritto inattaccabile e inalienabile, un pilastro delle democrazie autentiche. Fidarsi eccessivamente di Trump e difenderlo aprioristicamente \u00e8 eccessivo\u201d.<\/p>\n<p class=\"disable\">\n<p class=\"disable\"><strong>Perch\u00e9 la premier sta mantenendo un equilibrismo tra Europa e Stati Uniti?<\/strong><\/p>\n<p class=\"disable\">\u201cHa ragione a dire di non voler dividere le due sponde dell&#8217;Atlantico, ma tanti indizi, o qualcosa di pi\u00f9 pensando ai dazi commerciali, fa pensare che forse la volont\u00e0 di dividere le due sponde ci sia gi\u00e0, ma viene da Washington.<\/p>\n<p class=\"disable\">\n<p><a class=\"float-right img-wrapper\" href=\"https:\/\/www.dagospia.com\/media-gallery\/dago-fotogallery-465940\/1956509\"><img decoding=\"async\" id=\"1956509\" src=\"https:\/\/static.dagospia.com\/img\/foto\/02-2024\/salvini-con-la-maglia-di-putin-1956509_800_q50.webp\" \/><span class=\"img-title\">SALVINI CON LA MAGLIA DI PUTIN<\/span><\/a><\/p>\n<p class=\"disable\"><strong>Dalle chat rivelate dall\u2019Atlantic, in cui compaiono J.D. Vance e altri membri dell\u2019amministrazione, \u00e8 chiaro il disprezzo dei nuovi potenti di Washington per noi europei. Tutto poi confermato pubblicamente da Donald Trump.<\/strong><\/p>\n<p class=\"disable\">\u201cCi definiscono parassiti, scrocconi, free-rider. Ma anche qui va fatta chiarezza: \u00e8 chiaro che i Paesi europei devono sostenere di pi\u00f9 i costi complessivi della Nato. In questo senso, quello di cui ci accusa Trump \u00e8 analogo a quel che dicevano nel passato presidenti americani del partito democratico.<\/p>\n<p class=\"disable\">\n<p class=\"disable\">Pu\u00f2 piacere o meno. Se, al contrario, per parassiti intende che non ci si possa fidare dell\u2019Unione europea, perch\u00e9 \u00e8 nata per \u201cfregare\u201d gli Stati Uniti, \u00e8 tutta un&#8217;altra storia\u2026\u201d<\/p>\n<p class=\"disable\">\n<p class=\"disable\"><strong>Ma non trova forzata la difesa di Meloni nei confronti dell\u2019amministrazione Trump?<\/strong><\/p>\n<p class=\"disable\">\u201cPer ora la posizione di Meloni \u00e8 obbligata, per\u00f2 arriver\u00e0 l&#8217;ora della verit\u00e0\u201d.<\/p>\n<p class=\"disable\">\n<p class=\"disable\"><strong>Quando?<\/strong><\/p>\n<p><a class=\"float-left img-wrapper\" href=\"https:\/\/www.dagospia.com\/media-gallery\/dago-fotogallery-465940\/2108878\"><img decoding=\"async\" id=\"2108878\" src=\"https:\/\/static.dagospia.com\/img\/foto\/03-2025\/giorgia-meloni-tra-donald-trump-e-ursula-von-der-leyen-vignetta-di-giannelli-2108878_800_q50.webp\" \/><span class=\"img-title\">GIORGIA MELONI TRA DONALD TRUMP E URSULA VON DER LEYEN &#8211; VIGNETTA DI GIANNELLI<\/span><\/a><\/p>\n<p class=\"disable\">\u201cQuando le carte saranno scoperte e si potr\u00e0 giudicare con certezza se la pace raggiunta sar\u00e0 giusta oppure no, se sar\u00e0 stato sacrificato il popolo ucraino e consacrata la vittoria di Putin oppure no\u201d.<\/p>\n<p class=\"disable\">\n<p class=\"disable\"><strong>Insomma, un problema che prima o poi non sar\u00e0 pi\u00f9 rimandabile per Meloni.<\/strong><\/p>\n<p class=\"disable\">\u201cSiccome \u00e8 una donna intelligente, mi permetto di consigliarle di mettere in conto che \u00e8 giusto voler essere ancora amici degli Stati Uniti, ma \u00e8 sacrosanto chiedersi se il sentimento trovi riscontro nell\u2019attuale\u00a0 dell&#8217;inquilino della Casa Bianca. Va detto che cosa Trump intenda davvero per pace giusta far\u00e0 comprendere se l\u2019America \u00e8 ancora convinta che non ci pu\u00f2 essere n\u00e9 pace n\u00e9 giustizia se si nega con la violenza ai popoli di autodeterminarsi\u201d.<\/p>\n<p class=\"disable\">\n<p class=\"disable\"><strong>Sempre nell\u2019intervista di FT, Meloni definisce \u201cinfantile\u201d chi le chiede di scegliere da che parte stare, se con l\u2019Ue o con gli Usa.<\/strong><\/p>\n<p class=\"disable\">\u201cQuando la sinistra italiana glielo chiede, si comporta davvero in modo infantile. Nessuno chiede ai laburisti inglesi se stanno con Trump o con l&#8217;Ucraina\u201d.<\/p>\n<p class=\"disable\">\n<p class=\"disable\">[\u2026]<\/p>\n<p class=\"disable\">\n<p><a class=\"float-right img-wrapper\" href=\"https:\/\/www.dagospia.com\/media-gallery\/dago-fotogallery-465940\/1736790\"><img decoding=\"async\" id=\"1736790\" src=\"https:\/\/static.dagospia.com\/img\/foto\/10-2022\/matteo-salvini-con-maglietta-di-putin-al-parlamento-europeo-1736790_800_q50.webp\" \/><span class=\"img-title\">MATTEO SALVINI CON MAGLIETTA DI PUTIN AL PARLAMENTO EUROPEO<\/span><\/a><\/p>\n<p class=\"disable\"><strong>Da ex ministro degli Esteri non vede una certa confusione nel governo in merito alla linea internazionale? Esistono pi\u00f9 voci dell\u2019esecutivo. Converr\u00e0 che l\u2019irritazione del ministro Antonio Tajani di fronte a un Salvini che attua una politica estera parallela \u00e8 comprensibile?<\/strong><\/p>\n<p class=\"disable\">\u201cSiamo un Paese unico. Mentre succede quel che succede in Russia, Ucraina ma anche a Gaza, noi ci chiediamo se Prodi ha tirato o meno i capelli a una giornalista o se quel che ha detto Salvini \u00e8 tattico o strategico.<\/p>\n<p class=\"disable\">\n<p class=\"disable\">Chiacchiere inutili, le polemiche in maggioranza \u00e8 chiaro che ci sono, ma derivano da ragioni di bottega, servono per avere un voto in pi\u00f9 alle prossime regionali. Quel che conta \u00e8 come la maggioranza voter\u00e0 in Parlamento, su documenti che abbiano una autentica rilevanza. Comunque se Atene piange, Sparta non ride, perch\u00e9 a sinistra tra Pd e 5 Stelle sull\u2019Ucraina c\u2019\u00e8 una divisione ancora pi\u00f9 profonda.<\/p>\n<p class=\"disable\">\n<p><a class=\"float-left img-wrapper\" href=\"https:\/\/www.dagospia.com\/media-gallery\/dago-fotogallery-465940\/2099601\"><img decoding=\"async\" id=\"2099601\" src=\"https:\/\/static.dagospia.com\/img\/foto\/02-2025\/donald-trump-matteo-salvini-giorgia-meloni-meme-by-edoardo-baraldi-2099601_800_q50.webp\" \/><span class=\"img-title\">DONALD TRUMP &#8211; MATTEO SALVINI &#8211; GIORGIA MELONI &#8211; MEME BY EDOARDO BARALDI<\/span><\/a><\/p>\n<p class=\"disable\"><strong>Diciamo che per\u00f2 la linea filo-trumpiana di Salvini si pu\u00f2 leggere come una certa fascinazione anche per la Russia di Putin, o no?<\/strong><\/p>\n<p class=\"disable\">\u201cSalvini\u2026 ci siamo per caso dimenticati di quando and\u00f2 a Mosca indossando una maglietta con l\u2019immagine di Putin, con il ditone alzato? Le sue passate e attuali, seppur malcelate, simpatie per Mosca non autorizzano a pensare che, qualora il presidente del consiglio e il ministro degli esteri Tajani dovessero esprimere un giudizio sulla conclusione delle trattative non gradito a Putin, da ci\u00f2 Salvini trarrebbe la conclusione di far cadere il governo\u201d [\u2026]<\/p>\n<p>Fonte Dagospia<\/p>\n","protected":false},"excerpt":{"rendered":"<p>Estratto dell\u2019articolo di Giulio Ucciero per\u00a0https:\/\/www.huffingtonpost.it \u201cResistenza, resistenza, resistenza\u201d. Gianfranco Fini, ex leader del Movimento sociale italiano e poi di Alleanza Nazionale, gi\u00e0 ministro degli Esteri e presidente della Camera dei deputati, non ha dubbi sul ruolo che l\u2019Europa deve giocare in Ucraina: \u201cDobbiamo stare al fianco di Kiev fino alla fine\u201d. [\u2026] \u00a0Fini apprezza [&hellip;]<\/p>\n","protected":false},"author":3,"featured_media":2645,"comment_status":"open","ping_status":"closed","sticky":false,"template":"","format":"standard","meta":{"om_disable_all_campaigns":false,"_monsterinsights_skip_tracking":false,"_monsterinsights_sitenote_active":false,"_monsterinsights_sitenote_note":"","_monsterinsights_sitenote_category":0,"_uf_show_specific_survey":0,"_uf_disable_surveys":false,"footnotes":""},"categories":[33],"tags":[],"class_list":{"0":"post-2644","1":"post","2":"type-post","3":"status-publish","4":"format-standard","5":"has-post-thumbnail","7":"category-politica"},"aioseo_notices":[],"_links":{"self":[{"href":"https:\/\/ilsovranista.com\/index.php?rest_route=\/wp\/v2\/posts\/2644","targetHints":{"allow":["GET"]}}],"collection":[{"href":"https:\/\/ilsovranista.com\/index.php?rest_route=\/wp\/v2\/posts"}],"about":[{"href":"https:\/\/ilsovranista.com\/index.php?rest_route=\/wp\/v2\/types\/post"}],"author":[{"embeddable":true,"href":"https:\/\/ilsovranista.com\/index.php?rest_route=\/wp\/v2\/users\/3"}],"replies":[{"embeddable":true,"href":"https:\/\/ilsovranista.com\/index.php?rest_route=%2Fwp%2Fv2%2Fcomments&post=2644"}],"version-history":[{"count":1,"href":"https:\/\/ilsovranista.com\/index.php?rest_route=\/wp\/v2\/posts\/2644\/revisions"}],"predecessor-version":[{"id":2646,"href":"https:\/\/ilsovranista.com\/index.php?rest_route=\/wp\/v2\/posts\/2644\/revisions\/2646"}],"wp:featuredmedia":[{"embeddable":true,"href":"https:\/\/ilsovranista.com\/index.php?rest_route=\/wp\/v2\/media\/2645"}],"wp:attachment":[{"href":"https:\/\/ilsovranista.com\/index.php?rest_route=%2Fwp%2Fv2%2Fmedia&parent=2644"}],"wp:term":[{"taxonomy":"category","embeddable":true,"href":"https:\/\/ilsovranista.com\/index.php?rest_route=%2Fwp%2Fv2%2Fcategories&post=2644"},{"taxonomy":"post_tag","embeddable":true,"href":"https:\/\/ilsovranista.com\/index.php?rest_route=%2Fwp%2Fv2%2Ftags&post=2644"}],"curies":[{"name":"wp","href":"https:\/\/api.w.org\/{rel}","templated":true}]}}