{"id":2626,"date":"2025-03-27T19:05:41","date_gmt":"2025-03-27T18:05:41","guid":{"rendered":"https:\/\/ilsovranista.com\/?p=2626"},"modified":"2025-03-27T19:07:08","modified_gmt":"2025-03-27T18:07:08","slug":"medio-oriente-formentini-lega-schieriamoci-con-israele-contro-lantisemitismo-risorgente","status":"publish","type":"post","link":"https:\/\/ilsovranista.com\/?p=2626","title":{"rendered":"Medio Oriente, Formentini (Lega): schieriamoci con  Israele contro l\u2019antisemitismo risorgente"},"content":{"rendered":"<p>Le modalit\u00e0 della reazione israeliana al pogrom del 7 ottobre 2023 possono certamente essere oggetto di dibattito. Le manifestazioni che si svolgono in Israele per chiedere un cambiamento delle politiche attuate nei confronti della Striscia di Gaza ne sono una dimostrazione eloquente. Altro \u00e8 chiedere alle comunit\u00e0 della diaspora e ai singoli ebrei di dissociarsi pubblicamente rispetto a quanto fa il governo di Benjamin Netanyahu. Cos\u00ec facendo, infatti, se ne pu\u00f2 compromettere la sicurezza ed in ogni caso si attenta alla loro libert\u00e0 d\u2019opinione, che \u00e8 nostro compito salvaguardare in questa stagione difficile, in cui l\u2019antisemitismo rialza la testa\u201d.<br \/>\nLo dichiara <strong>Paolo Formentin<\/strong>i, deputato della <strong>Lega<\/strong>, vicepresidente della Commissione Esteri della Camera, commentando le recenti dichiarazioni di Giuseppe Conte.<\/p>\n","protected":false},"excerpt":{"rendered":"<p>Le modalit\u00e0 della reazione israeliana al pogrom del 7 ottobre 2023 possono certamente essere oggetto di dibattito. Le manifestazioni che si svolgono in Israele per chiedere un cambiamento delle politiche attuate nei confronti della Striscia di Gaza ne sono una dimostrazione eloquente. Altro \u00e8 chiedere alle comunit\u00e0 della diaspora e ai singoli ebrei di dissociarsi [&hellip;]<\/p>\n","protected":false},"author":3,"featured_media":2627,"comment_status":"open","ping_status":"closed","sticky":false,"template":"","format":"standard","meta":{"om_disable_all_campaigns":false,"_monsterinsights_skip_tracking":false,"_monsterinsights_sitenote_active":false,"_monsterinsights_sitenote_note":"","_monsterinsights_sitenote_category":0,"_uf_show_specific_survey":0,"_uf_disable_surveys":false,"footnotes":""},"categories":[33],"tags":[],"class_list":{"0":"post-2626","1":"post","2":"type-post","3":"status-publish","4":"format-standard","5":"has-post-thumbnail","7":"category-politica"},"aioseo_notices":[],"_links":{"self":[{"href":"https:\/\/ilsovranista.com\/index.php?rest_route=\/wp\/v2\/posts\/2626","targetHints":{"allow":["GET"]}}],"collection":[{"href":"https:\/\/ilsovranista.com\/index.php?rest_route=\/wp\/v2\/posts"}],"about":[{"href":"https:\/\/ilsovranista.com\/index.php?rest_route=\/wp\/v2\/types\/post"}],"author":[{"embeddable":true,"href":"https:\/\/ilsovranista.com\/index.php?rest_route=\/wp\/v2\/users\/3"}],"replies":[{"embeddable":true,"href":"https:\/\/ilsovranista.com\/index.php?rest_route=%2Fwp%2Fv2%2Fcomments&post=2626"}],"version-history":[{"count":1,"href":"https:\/\/ilsovranista.com\/index.php?rest_route=\/wp\/v2\/posts\/2626\/revisions"}],"predecessor-version":[{"id":2628,"href":"https:\/\/ilsovranista.com\/index.php?rest_route=\/wp\/v2\/posts\/2626\/revisions\/2628"}],"wp:featuredmedia":[{"embeddable":true,"href":"https:\/\/ilsovranista.com\/index.php?rest_route=\/wp\/v2\/media\/2627"}],"wp:attachment":[{"href":"https:\/\/ilsovranista.com\/index.php?rest_route=%2Fwp%2Fv2%2Fmedia&parent=2626"}],"wp:term":[{"taxonomy":"category","embeddable":true,"href":"https:\/\/ilsovranista.com\/index.php?rest_route=%2Fwp%2Fv2%2Fcategories&post=2626"},{"taxonomy":"post_tag","embeddable":true,"href":"https:\/\/ilsovranista.com\/index.php?rest_route=%2Fwp%2Fv2%2Ftags&post=2626"}],"curies":[{"name":"wp","href":"https:\/\/api.w.org\/{rel}","templated":true}]}}