{"id":2602,"date":"2025-03-26T08:00:40","date_gmt":"2025-03-26T07:00:40","guid":{"rendered":"https:\/\/ilsovranista.com\/?p=2602"},"modified":"2025-03-26T08:01:04","modified_gmt":"2025-03-26T07:01:04","slug":"torino-basta-immigrati-prima-gli-italiani-lo-striscione-di-forza-nuova","status":"publish","type":"post","link":"https:\/\/ilsovranista.com\/?p=2602","title":{"rendered":"Torino: basta immigrati prima  gli italiani. Lo striscione di Forza Nuova"},"content":{"rendered":"<p>&#8220;La vicenda dell\u2019ex sede di Telestudio in via Rocca de&#8217; Baldi continua a suscitare preoccupazione tra i residenti del quartiere Nizza Millefonti. L\u2019ipotesi che l\u2019immobile possa essere trasformato in un centro di accoglienza \u00e8 stata smentita solo parzialmente dall\u2019amministrazione comunale e dalla Prefettura, senza per\u00f2 fornire risposte chiare sulle reali intenzioni e sul futuro della struttura&#8221;.<\/p>\n<p>Lo afferma in una nota, diffusa alla stampa, il coordimento regionale del Piemonte di Forza Nuova precisando: &#8220;se da un lato si afferma che non vi siano richieste ufficiali per tale destinazione d\u2019uso, dall\u2019altro si ammette che \u00e8 stata presentata una domanda di cambio di destinazione da &#8220;servizi&#8221; ad &#8220;abitativo&#8221;. Questo lascia aperti scenari incerti e non chiarisce se l&#8217;immobile potr\u00e0 effettivamente ospitare persone in difficolt\u00e0. Inoltre, i lavori di ristrutturazione gi\u00e0 avviati alimentano ulteriormente i dubbi, mentre le istituzioni si limitano a generiche rassicurazioni senza fornire dettagli concreti. La tensione nel quartiere \u00e8 ormai evidente: nella notte i nostri militanti, con alcuni residenti, hanno affisso uno striscione con la scritta &#8220;Basta Immigrati. Prima gli Italiani&#8221;, a dimostrazione del crescente malcontento tra i residenti, preoccupati per la mancanza di trasparenza da parte delle istituzioni e per l&#8217;impatto che una simile decisione potrebbe avere sul territorio&#8221;<\/p>\n<p>&#8220;I cittadini, continua la nota, hanno diritto a risposte precise e a una gestione chiara delle decisioni che riguardano il loro quartiere. Le istituzioni non possono limitarsi a dichiarazioni interlocutorie, ma devono spiegare con chiarezza quale sar\u00e0 il destino dell\u2019ex Telestudio. Per questo noi di Forza Nuova chiediamo che il Comune e la Prefettura convochino al pi\u00f9 presto un incontro pubblico con la cittadinanza, per fugare ogni ambiguit\u00e0 e garantire un vero coinvolgimento della comunit\u00e0 nelle scelte che la riguardano. Prima gli italiani, Forza Nuova non arretra.&#8221;<\/p>\n","protected":false},"excerpt":{"rendered":"<p>&#8220;La vicenda dell\u2019ex sede di Telestudio in via Rocca de&#8217; Baldi continua a suscitare preoccupazione tra i residenti del quartiere Nizza Millefonti. L\u2019ipotesi che l\u2019immobile possa essere trasformato in un centro di accoglienza \u00e8 stata smentita solo parzialmente dall\u2019amministrazione comunale e dalla Prefettura, senza per\u00f2 fornire risposte chiare sulle reali intenzioni e sul futuro della [&hellip;]<\/p>\n","protected":false},"author":3,"featured_media":2603,"comment_status":"open","ping_status":"closed","sticky":false,"template":"","format":"standard","meta":{"om_disable_all_campaigns":false,"_monsterinsights_skip_tracking":false,"_monsterinsights_sitenote_active":false,"_monsterinsights_sitenote_note":"","_monsterinsights_sitenote_category":0,"_uf_show_specific_survey":0,"_uf_disable_surveys":false,"footnotes":""},"categories":[36],"tags":[],"class_list":{"0":"post-2602","1":"post","2":"type-post","3":"status-publish","4":"format-standard","5":"has-post-thumbnail","7":"category-prima-i-territori"},"aioseo_notices":[],"_links":{"self":[{"href":"https:\/\/ilsovranista.com\/index.php?rest_route=\/wp\/v2\/posts\/2602","targetHints":{"allow":["GET"]}}],"collection":[{"href":"https:\/\/ilsovranista.com\/index.php?rest_route=\/wp\/v2\/posts"}],"about":[{"href":"https:\/\/ilsovranista.com\/index.php?rest_route=\/wp\/v2\/types\/post"}],"author":[{"embeddable":true,"href":"https:\/\/ilsovranista.com\/index.php?rest_route=\/wp\/v2\/users\/3"}],"replies":[{"embeddable":true,"href":"https:\/\/ilsovranista.com\/index.php?rest_route=%2Fwp%2Fv2%2Fcomments&post=2602"}],"version-history":[{"count":1,"href":"https:\/\/ilsovranista.com\/index.php?rest_route=\/wp\/v2\/posts\/2602\/revisions"}],"predecessor-version":[{"id":2604,"href":"https:\/\/ilsovranista.com\/index.php?rest_route=\/wp\/v2\/posts\/2602\/revisions\/2604"}],"wp:featuredmedia":[{"embeddable":true,"href":"https:\/\/ilsovranista.com\/index.php?rest_route=\/wp\/v2\/media\/2603"}],"wp:attachment":[{"href":"https:\/\/ilsovranista.com\/index.php?rest_route=%2Fwp%2Fv2%2Fmedia&parent=2602"}],"wp:term":[{"taxonomy":"category","embeddable":true,"href":"https:\/\/ilsovranista.com\/index.php?rest_route=%2Fwp%2Fv2%2Fcategories&post=2602"},{"taxonomy":"post_tag","embeddable":true,"href":"https:\/\/ilsovranista.com\/index.php?rest_route=%2Fwp%2Fv2%2Ftags&post=2602"}],"curies":[{"name":"wp","href":"https:\/\/api.w.org\/{rel}","templated":true}]}}