{"id":2600,"date":"2025-03-26T07:39:39","date_gmt":"2025-03-26T06:39:39","guid":{"rendered":"https:\/\/ilsovranista.com\/?p=2600"},"modified":"2025-03-26T07:39:39","modified_gmt":"2025-03-26T06:39:39","slug":"emergenza-carceri-alemanno-quando-la-politica-delude","status":"publish","type":"post","link":"https:\/\/ilsovranista.com\/?p=2600","title":{"rendered":"Emergenza carceri, Alemanno: quando la politica delude"},"content":{"rendered":"<p>&nbsp;<\/p>\n<p>di\u00a0<strong>Gianni Alemanno<\/strong><\/p>\n<p>Rebibbia, 23 marzo 2025 &#8211; 82. giorno di carcere.<\/p>\n<p>Gioved\u00ec scorso ho assistito a uno spettacolo senz&#8217;altro raro nelle celle di un carcere. Tanti detenuti, forse per la prima volta nella loro vita, ascoltavano intenti, attorno ai tavoli delle loro celle, la radio. Che c&#8217;\u00e8 di strano? Lo strano era che non ascoltavano una partita di calcio o un programma della De Filippi (che qui, come in tutta Italia, va per la maggiore). Ascoltavano un dibattito parlamentare. Capite? Ascoltavano i deputati durante la seduta straordinaria della Camera sull&#8217;emergenza carceri. Nonostante anni di delusioni, davano ancora una volta credito alla politica, speravano in un segnale di attenzione per una situazione veramente indegna e insostenibile. Ma questo segnale non \u00e8 arrivato. Il dibattito, imperniato sulla mozione di maggioranza e su due mozioni dell&#8217;opposizione (Giachetti per PD, Azione, IV e AVS; D&#8217;Orso per M5S), si \u00e8 svolto secondo i pi\u00f9 banali e prevedibili dei clich\u00e9. Il centrodestra, a parte qualche frase di circostanza sulla necessit\u00e0 di aiutare la riabilitazione dei detenuti, ha fatto prevalere nel voto la linea securitaria della &#8220;certezza della pena&#8221;, ovvero &#8220;pi\u00f9 i detenuti stanno i carcere, meglio \u00e8&#8221;. Le opposizioni &#8211; con poche eccezioni come Giachetti e La Boschi, che hanno persino citato la lettera inviata ai Direttori del Tempo e dell&#8217;Unit\u00e0 da me e dallo scrivano Fabio Falbo sulla situazione delle carceri &#8211; si sono pi\u00f9 che altro concentrati sulle polemiche contro il Governo, mettendo in secondo piano ogni tentativo di trovare un&#8217;intesa trasversale per affrontare seriamente il problema. La capogruppo PD Serracchiani \u00e8 riuscita a infilare nel suo intervento perfino la polemica sul Manifesto di Ventotene (?!). Alla fine non \u00e8 stato facile sostenere gli sguardi delusi dei colleghi di cella e di reparto, le domande &#8220;e allora?&#8221;. &#8220;E allora niente, non hanno capito nulla e non succeder\u00e0 niente, nonostante il Giubileo, gli appelli del Papa e della CEI, le denunce degli organismo europei, le esortazioni di tanti personaggi di rilievo&#8221; ho dovuto ripetere decine di volte. E in effetti non hanno capito, o non hanno voluto capire. In un aula formata prevalentemente da deputati non eletti dal popolo, ma scelti dai vertici dei partiti, conta solo l\u2019ordine di scuderia, il messaggio demagogico da far rimbalzare sui media. &#8220;Abbiamo difeso la certezza della pena&#8221; diranno a destra, &#8220;abbiamo denunciato l&#8217;insensibilit\u00e0 sociale delle destre&#8221; ribatteranno a sinistra. Ma la realt\u00e0 \u00e8 un&#8217;altra cosa, \u00e8 rimasta mille miglia lontana da Montecitorio. Una realt\u00e0 fatta di carceri sovraffollati, dove la riabilitazione \u00e8 quasi sempre una chimera, dove l&#8217;esperienza carceraria \u00e8 solo una leva per moltiplicare la recidiva. Non solo: non ci si rende conto che prima ancora di inventare nuove leggi, bisognerebbe ottenere l&#8217;applicazione di quelle esistenti, che troppo spesso rimangono lettera morta con Tribunali di Sorveglianza ed educatori in grave carenza di organico (per non parlare di una Polizia penitenziaria ridotta allo stremo). Il centrodestra, in particolare, non capisce che non sar\u00e0 credibile fino a quando limiter\u00e0 la sua polemica sulla giustizia solo alle inchieste sulla politica e terr\u00e0 separato il tema della sicurezza da quello della legalit\u00e0. Dal canto suo l&#8217;opposizione di sinistra continuer\u00e0 a concentrare i suoi attacchi solo sugli avversari di governo, perch\u00e9 non osa mettere in discussione gli altri apparati dello Stato. La politica delude. Se delude per un problema relativamente semplice come quello delle carceri, come potr\u00e0 dare risposte a problemi epocali come quello delle guerre, del fallimento dell&#8217;Unione Europea, della fine della globalizzazione liberale? Ma noi non ci fermeremo, anche dal profondo di queste celle continueremo a combattere.<\/p>\n","protected":false},"excerpt":{"rendered":"<p>&nbsp; di\u00a0Gianni Alemanno Rebibbia, 23 marzo 2025 &#8211; 82. giorno di carcere. Gioved\u00ec scorso ho assistito a uno spettacolo senz&#8217;altro raro nelle celle di un carcere. Tanti detenuti, forse per la prima volta nella loro vita, ascoltavano intenti, attorno ai tavoli delle loro celle, la radio. Che c&#8217;\u00e8 di strano? Lo strano era che non [&hellip;]<\/p>\n","protected":false},"author":3,"featured_media":1394,"comment_status":"open","ping_status":"closed","sticky":false,"template":"","format":"standard","meta":{"om_disable_all_campaigns":false,"_monsterinsights_skip_tracking":false,"_monsterinsights_sitenote_active":false,"_monsterinsights_sitenote_note":"","_monsterinsights_sitenote_category":0,"_uf_show_specific_survey":0,"_uf_disable_surveys":false,"footnotes":""},"categories":[33],"tags":[],"class_list":{"0":"post-2600","1":"post","2":"type-post","3":"status-publish","4":"format-standard","5":"has-post-thumbnail","7":"category-politica"},"aioseo_notices":[],"_links":{"self":[{"href":"https:\/\/ilsovranista.com\/index.php?rest_route=\/wp\/v2\/posts\/2600","targetHints":{"allow":["GET"]}}],"collection":[{"href":"https:\/\/ilsovranista.com\/index.php?rest_route=\/wp\/v2\/posts"}],"about":[{"href":"https:\/\/ilsovranista.com\/index.php?rest_route=\/wp\/v2\/types\/post"}],"author":[{"embeddable":true,"href":"https:\/\/ilsovranista.com\/index.php?rest_route=\/wp\/v2\/users\/3"}],"replies":[{"embeddable":true,"href":"https:\/\/ilsovranista.com\/index.php?rest_route=%2Fwp%2Fv2%2Fcomments&post=2600"}],"version-history":[{"count":1,"href":"https:\/\/ilsovranista.com\/index.php?rest_route=\/wp\/v2\/posts\/2600\/revisions"}],"predecessor-version":[{"id":2601,"href":"https:\/\/ilsovranista.com\/index.php?rest_route=\/wp\/v2\/posts\/2600\/revisions\/2601"}],"wp:featuredmedia":[{"embeddable":true,"href":"https:\/\/ilsovranista.com\/index.php?rest_route=\/wp\/v2\/media\/1394"}],"wp:attachment":[{"href":"https:\/\/ilsovranista.com\/index.php?rest_route=%2Fwp%2Fv2%2Fmedia&parent=2600"}],"wp:term":[{"taxonomy":"category","embeddable":true,"href":"https:\/\/ilsovranista.com\/index.php?rest_route=%2Fwp%2Fv2%2Fcategories&post=2600"},{"taxonomy":"post_tag","embeddable":true,"href":"https:\/\/ilsovranista.com\/index.php?rest_route=%2Fwp%2Fv2%2Ftags&post=2600"}],"curies":[{"name":"wp","href":"https:\/\/api.w.org\/{rel}","templated":true}]}}