{"id":2567,"date":"2025-03-23T13:44:57","date_gmt":"2025-03-23T12:44:57","guid":{"rendered":"https:\/\/ilsovranista.com\/?p=2567"},"modified":"2025-03-23T13:50:27","modified_gmt":"2025-03-23T12:50:27","slug":"con-un-comizio-forza-nuova-ritorna-a-milano-fiore-siamo-qui-per-riconquistare-la-citta","status":"publish","type":"post","link":"https:\/\/ilsovranista.com\/?p=2567","title":{"rendered":"Con un comizio Forza Nuova ritorna a Milano. Fiore: siamo qui per riconquistare la citt\u00e0"},"content":{"rendered":"<p>&#8220;Oggi siamo a Milano perch\u00e9 vogliamo riconquistare questa citt\u00e0, non solo sul piano politico, ma anche come forza sociale. Milano si \u00e8 smarrita nel corso degli anni: oggi ha i tassi pi\u00f9 alti di consumo di droga e immigrazione, e una borghesia che, un tempo simbolo di produttivit\u00e0 e forza, si \u00e8 ormai dissolta\u201d..<\/p>\n<p>Queste le parole di <strong>Roberto Fiore,<\/strong> leader di <strong>Forza<\/strong> Nuova, pronunciate a margine di un comizio in piazza Duca d&#8217;Aosta a Milano. \u201cSiamo qui per riconquistarci non solo il centro, ma anche le periferie, e non solo dal punto di vista fisico, ma soprattutto da quello sociale. Vogliamo che siano le madri, le donne, gli anziani e i giovani a scendere in piazza con noi per riappropriarsi di spazi che sono diventati zone franche\u201d, ha aggiunto Fiore. Rispondendo a una domanda dei giornalisti sulle affinit\u00e0 tra Forza Nuova e il gruppo Articolo52, che sui social promuove ronde di cittadini per le strade del capoluogo lombardo, pubblicizzate attraverso video di aggressioni su cui la magistratura sta indagando, Fiore ha dichiarato: \u201cNon posso esprimermi con certezza su questo movimento, perch\u00e9 ne so ancora troppo poco. Tuttavia, posso dirvi che esistono gruppi di giovani, e non solo giovani, che vogliono farsi sentire. \u00c8 il segnale di un risveglio della citt\u00e0 e, mi auguro, anche della regione\u201d. Sollecitato a rispondere su quali siano questi modi per farsi sentire, Fiore ha detto: \u201cAttraverso la nostra presenza nelle piazze, con la mobilitazione del popolo. Noi ci saremo, come sempre, senza tirarci indietro. Pensiamo a quanto \u00e8 successo il 9 ottobre, con la rivolta contro il Green Pass. Anche stavolta ci saremo, ma \u00e8 il popolo che deve scendere in piazza per riconquistare il diritto a vivere civilmente nel proprio territorio. Se qualcuno si rivolger\u00e0 a noi, saremo qui per difendere il popolo\u201d<\/p>\n","protected":false},"excerpt":{"rendered":"<p>&#8220;Oggi siamo a Milano perch\u00e9 vogliamo riconquistare questa citt\u00e0, non solo sul piano politico, ma anche come forza sociale. Milano si \u00e8 smarrita nel corso degli anni: oggi ha i tassi pi\u00f9 alti di consumo di droga e immigrazione, e una borghesia che, un tempo simbolo di produttivit\u00e0 e forza, si \u00e8 ormai dissolta\u201d.. Queste [&hellip;]<\/p>\n","protected":false},"author":3,"featured_media":2547,"comment_status":"open","ping_status":"closed","sticky":false,"template":"","format":"standard","meta":{"om_disable_all_campaigns":false,"_monsterinsights_skip_tracking":false,"_monsterinsights_sitenote_active":false,"_monsterinsights_sitenote_note":"","_monsterinsights_sitenote_category":0,"_uf_show_specific_survey":0,"_uf_disable_surveys":false,"footnotes":""},"categories":[33],"tags":[],"class_list":{"0":"post-2567","1":"post","2":"type-post","3":"status-publish","4":"format-standard","5":"has-post-thumbnail","7":"category-politica"},"aioseo_notices":[],"_links":{"self":[{"href":"https:\/\/ilsovranista.com\/index.php?rest_route=\/wp\/v2\/posts\/2567","targetHints":{"allow":["GET"]}}],"collection":[{"href":"https:\/\/ilsovranista.com\/index.php?rest_route=\/wp\/v2\/posts"}],"about":[{"href":"https:\/\/ilsovranista.com\/index.php?rest_route=\/wp\/v2\/types\/post"}],"author":[{"embeddable":true,"href":"https:\/\/ilsovranista.com\/index.php?rest_route=\/wp\/v2\/users\/3"}],"replies":[{"embeddable":true,"href":"https:\/\/ilsovranista.com\/index.php?rest_route=%2Fwp%2Fv2%2Fcomments&post=2567"}],"version-history":[{"count":1,"href":"https:\/\/ilsovranista.com\/index.php?rest_route=\/wp\/v2\/posts\/2567\/revisions"}],"predecessor-version":[{"id":2570,"href":"https:\/\/ilsovranista.com\/index.php?rest_route=\/wp\/v2\/posts\/2567\/revisions\/2570"}],"wp:featuredmedia":[{"embeddable":true,"href":"https:\/\/ilsovranista.com\/index.php?rest_route=\/wp\/v2\/media\/2547"}],"wp:attachment":[{"href":"https:\/\/ilsovranista.com\/index.php?rest_route=%2Fwp%2Fv2%2Fmedia&parent=2567"}],"wp:term":[{"taxonomy":"category","embeddable":true,"href":"https:\/\/ilsovranista.com\/index.php?rest_route=%2Fwp%2Fv2%2Fcategories&post=2567"},{"taxonomy":"post_tag","embeddable":true,"href":"https:\/\/ilsovranista.com\/index.php?rest_route=%2Fwp%2Fv2%2Ftags&post=2567"}],"curies":[{"name":"wp","href":"https:\/\/api.w.org\/{rel}","templated":true}]}}