{"id":2555,"date":"2025-03-23T05:19:08","date_gmt":"2025-03-23T04:19:08","guid":{"rendered":"https:\/\/ilsovranista.com\/?p=2555"},"modified":"2025-03-23T05:19:08","modified_gmt":"2025-03-23T04:19:08","slug":"torino-lo-sportello-islamofobia-un-regalo-allestremismo-il-flash-mob-della-lega","status":"publish","type":"post","link":"https:\/\/ilsovranista.com\/?p=2555","title":{"rendered":"Torino: lo sportello islamofobia? Un regalo all\u2019estremismo. Il flash mob della Lega"},"content":{"rendered":"<p data-start=\"297\" data-end=\"877\">Sportello anti-islamofobia? No grazie\u201d. Con questo slogan la Lega ha organizzato un flash mob nel pomeriggio di sabato davanti a Palazzo Civico, a Torino per dire no alla proposta dell\u2019amministrazione comunale di istituire un servizio dedicato a segnalazioni e supporto contro i fenomeni di discriminazione nei confronti della comunit\u00e0 musulmana. A guidare la protesta, volti noti del Carroccio: i deputati <strong data-start=\"703\" data-end=\"721\">Elena Maccanti<\/strong>\u00a0e\u00a0<strong data-start=\"724\" data-end=\"748\">Alessandro Benvenuto<\/strong>, l\u2019europarlamentare\u00a0<strong data-start=\"769\" data-end=\"787\">Silvia Sardone<\/strong>\u00a0e il consigliere comunale\u00a0<strong data-start=\"814\" data-end=\"835\">Giuseppe Catizone<\/strong>, accompagnati da militanti e sostenitori.<\/p>\n<p data-start=\"879\" data-end=\"1296\">Al centro della contestazione, non solo la contrariet\u00e0 allo sportello in s\u00e9, ma una critica pi\u00f9 ampia a ci\u00f2 che i leghisti definiscono \u201cl\u2019ennesima iniziativa ideologica partorita dalla sinistra torinese\u201d. \u201cQuesta proposta \u2013 ha dichiarato <strong>Sardone<\/strong> \u2013 \u00e8 figlia del politicamente corretto, costruita per mettere a tacere chi osa criticare l\u2019estremismo islamico o denunciare comportamenti regressivi dentro certe comunit\u00e0\u201d.<\/p>\n<p data-start=\"879\" data-end=\"1296\">Particolarmente netta la posizione sul velo islamico: \u201cNon lo riconosciamo come simbolo di libert\u00e0 \u2013 ha aggiunto Maccanti \u2013 ma come strumento di sottomissione delle donne. Non ci piegheremo a iniziative farsa: la nostra lotta \u00e8 per i diritti e la dignit\u00e0 delle donne, in Italia come in Europa\u201d.<\/p>\n<p data-start=\"879\" data-end=\"1296\">Per la Lega, l\u2019istituzione dello sportello rappresenterebbe un precedente pericoloso, una forma di censura mascherata da tutela. \u201cNon accetteremo che venga criminalizzata ogni forma di critica verso derive islamiste \u2013 ha ribadito Benvenuto \u2013 e continueremo a denunciare con forza ogni episodio in cui l\u2019ideologia religiosa calpesta i diritti individuali\u201d.<\/p>\n","protected":false},"excerpt":{"rendered":"<p>Sportello anti-islamofobia? No grazie\u201d. Con questo slogan la Lega ha organizzato un flash mob nel pomeriggio di sabato davanti a Palazzo Civico, a Torino per dire no alla proposta dell\u2019amministrazione comunale di istituire un servizio dedicato a segnalazioni e supporto contro i fenomeni di discriminazione nei confronti della comunit\u00e0 musulmana. A guidare la protesta, volti [&hellip;]<\/p>\n","protected":false},"author":3,"featured_media":2556,"comment_status":"open","ping_status":"closed","sticky":false,"template":"","format":"standard","meta":{"om_disable_all_campaigns":false,"_monsterinsights_skip_tracking":false,"_monsterinsights_sitenote_active":false,"_monsterinsights_sitenote_note":"","_monsterinsights_sitenote_category":0,"_uf_show_specific_survey":0,"_uf_disable_surveys":false,"footnotes":""},"categories":[36],"tags":[],"class_list":{"0":"post-2555","1":"post","2":"type-post","3":"status-publish","4":"format-standard","5":"has-post-thumbnail","7":"category-prima-i-territori"},"aioseo_notices":[],"_links":{"self":[{"href":"https:\/\/ilsovranista.com\/index.php?rest_route=\/wp\/v2\/posts\/2555","targetHints":{"allow":["GET"]}}],"collection":[{"href":"https:\/\/ilsovranista.com\/index.php?rest_route=\/wp\/v2\/posts"}],"about":[{"href":"https:\/\/ilsovranista.com\/index.php?rest_route=\/wp\/v2\/types\/post"}],"author":[{"embeddable":true,"href":"https:\/\/ilsovranista.com\/index.php?rest_route=\/wp\/v2\/users\/3"}],"replies":[{"embeddable":true,"href":"https:\/\/ilsovranista.com\/index.php?rest_route=%2Fwp%2Fv2%2Fcomments&post=2555"}],"version-history":[{"count":1,"href":"https:\/\/ilsovranista.com\/index.php?rest_route=\/wp\/v2\/posts\/2555\/revisions"}],"predecessor-version":[{"id":2557,"href":"https:\/\/ilsovranista.com\/index.php?rest_route=\/wp\/v2\/posts\/2555\/revisions\/2557"}],"wp:featuredmedia":[{"embeddable":true,"href":"https:\/\/ilsovranista.com\/index.php?rest_route=\/wp\/v2\/media\/2556"}],"wp:attachment":[{"href":"https:\/\/ilsovranista.com\/index.php?rest_route=%2Fwp%2Fv2%2Fmedia&parent=2555"}],"wp:term":[{"taxonomy":"category","embeddable":true,"href":"https:\/\/ilsovranista.com\/index.php?rest_route=%2Fwp%2Fv2%2Fcategories&post=2555"},{"taxonomy":"post_tag","embeddable":true,"href":"https:\/\/ilsovranista.com\/index.php?rest_route=%2Fwp%2Fv2%2Ftags&post=2555"}],"curies":[{"name":"wp","href":"https:\/\/api.w.org\/{rel}","templated":true}]}}