{"id":2551,"date":"2025-03-23T04:41:45","date_gmt":"2025-03-23T03:41:45","guid":{"rendered":"https:\/\/ilsovranista.com\/?p=2551"},"modified":"2025-03-23T04:41:45","modified_gmt":"2025-03-23T03:41:45","slug":"bandecchi-offende-ventotene-meglio-una-ventottenne-lo-sdegno-della-piccolotti","status":"publish","type":"post","link":"https:\/\/ilsovranista.com\/?p=2551","title":{"rendered":"Bandecchi offende Ventotene: \u201cMeglio una ventottenne\u201d. Lo sdegno della Piccolotti"},"content":{"rendered":"<p>La foto di una modella con un miniabito, la scritta &#8220;<strong>ventottenne<\/strong>&#8221; e sotto il commento &#8220;il nostro manifesto ha qualcosa in pi\u00f9&#8221;: \u00e8 il post su Instagram che il sindaco di Terni,\u00a0<strong>Stefano Bandecchi<\/strong>, leader della formazione centrista\u00a0<strong>Alternativa Popolare <\/strong>\u00a0ha dedicato al &#8220;Manifesto che a Ventotene non avrebbero mai potuto scrivere per mancanza di capacit\u00e0 e allegria cerebrale. Erano comunisti &#8211; scrive Bandecchi &#8211; dittatura, alcol, e spie sul territorio per rompere i coglioni. Fratellanza con Urss, Unione Sovietica (sparita)&#8221;.<\/p>\n<p>&#8220;Il post del sindaco di Terni Bandecchi pubblicato sui social dedicato al Manifesto di Ventotene \u00e8 una vera porcheria maschilista&#8221;, \u00e8 la reazione di\u00a0<strong>Elisabetta Piccolotti\u00a0<\/strong>deputato di Alleanza Verdi e Sinistra\u00a0 &#8220;Ed \u00e8 anche una imbarazzate confessione \u2013 prosegue la parlamentare in una nota \u2013 Per Bandecchi da un lato ci sono quelli di Ventotene, cio\u00e8 noi che vogliamo costruire un&#8217;Europa pi\u00f9 democratica e pi\u00f9 libera, e dall&#8217;altro chi, come la destra, in testa ha solo le immagini di giovani donne seminude. Se non ha voglia di fare politica &#8211; conclude Piccolotti &#8211; e preferisce immaginarsi &#8216;pappone&#8217; farebbe bene a smettere di fare il sindaco&#8221;.<\/p>\n<p>&nbsp;<\/p>\n<div id=\"inline_424079880\" class=\"inline-embed\"><\/div>\n","protected":false},"excerpt":{"rendered":"<p>La foto di una modella con un miniabito, la scritta &#8220;ventottenne&#8221; e sotto il commento &#8220;il nostro manifesto ha qualcosa in pi\u00f9&#8221;: \u00e8 il post su Instagram che il sindaco di Terni,\u00a0Stefano Bandecchi, leader della formazione centrista\u00a0Alternativa Popolare \u00a0ha dedicato al &#8220;Manifesto che a Ventotene non avrebbero mai potuto scrivere per mancanza di capacit\u00e0 e [&hellip;]<\/p>\n","protected":false},"author":3,"featured_media":2552,"comment_status":"open","ping_status":"closed","sticky":false,"template":"","format":"standard","meta":{"om_disable_all_campaigns":false,"_monsterinsights_skip_tracking":false,"_monsterinsights_sitenote_active":false,"_monsterinsights_sitenote_note":"","_monsterinsights_sitenote_category":0,"_uf_show_specific_survey":0,"_uf_disable_surveys":false,"footnotes":""},"categories":[33],"tags":[],"class_list":{"0":"post-2551","1":"post","2":"type-post","3":"status-publish","4":"format-standard","5":"has-post-thumbnail","7":"category-politica"},"aioseo_notices":[],"_links":{"self":[{"href":"https:\/\/ilsovranista.com\/index.php?rest_route=\/wp\/v2\/posts\/2551","targetHints":{"allow":["GET"]}}],"collection":[{"href":"https:\/\/ilsovranista.com\/index.php?rest_route=\/wp\/v2\/posts"}],"about":[{"href":"https:\/\/ilsovranista.com\/index.php?rest_route=\/wp\/v2\/types\/post"}],"author":[{"embeddable":true,"href":"https:\/\/ilsovranista.com\/index.php?rest_route=\/wp\/v2\/users\/3"}],"replies":[{"embeddable":true,"href":"https:\/\/ilsovranista.com\/index.php?rest_route=%2Fwp%2Fv2%2Fcomments&post=2551"}],"version-history":[{"count":1,"href":"https:\/\/ilsovranista.com\/index.php?rest_route=\/wp\/v2\/posts\/2551\/revisions"}],"predecessor-version":[{"id":2553,"href":"https:\/\/ilsovranista.com\/index.php?rest_route=\/wp\/v2\/posts\/2551\/revisions\/2553"}],"wp:featuredmedia":[{"embeddable":true,"href":"https:\/\/ilsovranista.com\/index.php?rest_route=\/wp\/v2\/media\/2552"}],"wp:attachment":[{"href":"https:\/\/ilsovranista.com\/index.php?rest_route=%2Fwp%2Fv2%2Fmedia&parent=2551"}],"wp:term":[{"taxonomy":"category","embeddable":true,"href":"https:\/\/ilsovranista.com\/index.php?rest_route=%2Fwp%2Fv2%2Fcategories&post=2551"},{"taxonomy":"post_tag","embeddable":true,"href":"https:\/\/ilsovranista.com\/index.php?rest_route=%2Fwp%2Fv2%2Ftags&post=2551"}],"curies":[{"name":"wp","href":"https:\/\/api.w.org\/{rel}","templated":true}]}}