{"id":2536,"date":"2025-03-22T20:31:52","date_gmt":"2025-03-22T19:31:52","guid":{"rendered":"https:\/\/ilsovranista.com\/?p=2536"},"modified":"2025-03-22T20:47:54","modified_gmt":"2025-03-22T19:47:54","slug":"la-lega-e-ostaggio-di-vanncasucci-la-lega-e-ostaggio-di-vannacci-traditore-io-no-non-ne-potevo-piu","status":"publish","type":"post","link":"https:\/\/ilsovranista.com\/?p=2536","title":{"rendered":"Casucci, &#8220;La Lega \u00e8 ostaggio di Vannacci: &#8220;Traditore io? No, non ne potevo pi\u00f9&#8221;"},"content":{"rendered":"<p>Marco Casucci, vicepresidente del consiglio regionale toscano, nonch\u00e9 ormai ex militante storico della Lega aretina respinge al mittente ogni accusa mossa nei suoi confronti. &#8220;Io non ho tradito nessuno. Semmai &#8211; ha scritto in una nota stampa &#8211; chi ha tradito Arezzo \u00e8 stata proprio la Lega\u201d. A poche ore di distanza dalla conferenza stampa durante la quale oggi, 22 marzo, il partito del Carroccio ha voluto mettere i punti sulle &#8220;i&#8221; oltre a rassicurare i propri elettori circa lo stato di salute e la coesione del gruppo, ecco pronta la replica del consigliere.<\/p>\n<div data-move=\"\" data-move--destination=\"[data-content--body]\" data-move--destination-closest=\"\" data-move--destination-position=\"15%\" data-move--destination-distance=\"10%\" data-move--internal-processed=\"\">\n<div class=\"slot slot-intext-0\">\n<div><\/div>\n<\/div>\n<\/div>\n<p>Come noto, nei giorni scorsi,\u00a0<strong>Marco Casucci<\/strong>\u00a0ha deciso\u00a0di cambiare maglia e avvicinarsi a &#8220;<strong>Noi Moderati<\/strong>&#8220;. Una scelta che non \u00e8 affatto passata inosservata e che ha suscitato accese reazioni da parte dei suoi ex compagni di partito. Tra questi la deputata Tiziana Nisini che lo ha definito &#8220;traditore&#8221;.<\/p>\n<p>\u201cSuperficiali, privi di contenuto, sconnessi dalla realt\u00e0 territoriale, ben lontani dai valori e dai principi che appartenevano alla Lega&#8221; dichiara Casucci precisando: &#8220;i vertici del Carroccio aretino hanno ritenuto necessario scomodare i giornalisti per una conferenza stampa centrata, non tanto sui temi importanti per la citt\u00e0, ma per salvaguardarsi dall\u2019ennesima fuoriuscita di un eletto. Faccio presente che il mio non \u00e8 un caso isolato in quanto in tutta Italia da Nord a Sud in Parlamento e nei Consigli Regionali si assiste a continui addii e sempre per gli stessi motivi, lo spostamento eccessivo a destra e l\u2019abbandono delle battaglie storiche del partito. Pensavo fosse caduta in letargo ormai da tempo invece apprendo solo oggi che grazie alla mia decisione di lasciare un partito che si \u00e8 snaturato ed \u00e8 ormai ostaggio di Vannacci, la Lega aretina d\u00e0 ancora segni di vitalit\u00e0 ma non per impegnarsi per lo sviluppo di Arezzo e delle sue vallate. Durante la conferenza sono stati usati termini inopportuni che rispedisco al mittente, ho fatto una scelta in linea con quello che \u00e8 stato il mio percorso politico in questi anni, chi ha tradito gli aretini \u00e8 stata questa Lega, assente e completamente distante da una linea costruttiva e positiva per la citt\u00e0. Onestamente non ne potevo pi\u00f9, i toni esasperati e frustrati utilizzati anche nel corso di questa conferenza stampa dimostrano in modo inequivocabile la deriva a destra&#8221;.<\/p>\n<p>&nbsp;<\/p>\n","protected":false},"excerpt":{"rendered":"<p>Marco Casucci, vicepresidente del consiglio regionale toscano, nonch\u00e9 ormai ex militante storico della Lega aretina respinge al mittente ogni accusa mossa nei suoi confronti. &#8220;Io non ho tradito nessuno. Semmai &#8211; ha scritto in una nota stampa &#8211; chi ha tradito Arezzo \u00e8 stata proprio la Lega\u201d. A poche ore di distanza dalla conferenza stampa [&hellip;]<\/p>\n","protected":false},"author":3,"featured_media":2538,"comment_status":"open","ping_status":"closed","sticky":false,"template":"","format":"standard","meta":{"om_disable_all_campaigns":false,"_monsterinsights_skip_tracking":false,"_monsterinsights_sitenote_active":false,"_monsterinsights_sitenote_note":"","_monsterinsights_sitenote_category":0,"_uf_show_specific_survey":0,"_uf_disable_surveys":false,"footnotes":""},"categories":[36],"tags":[],"class_list":{"0":"post-2536","1":"post","2":"type-post","3":"status-publish","4":"format-standard","5":"has-post-thumbnail","7":"category-prima-i-territori"},"aioseo_notices":[],"_links":{"self":[{"href":"https:\/\/ilsovranista.com\/index.php?rest_route=\/wp\/v2\/posts\/2536","targetHints":{"allow":["GET"]}}],"collection":[{"href":"https:\/\/ilsovranista.com\/index.php?rest_route=\/wp\/v2\/posts"}],"about":[{"href":"https:\/\/ilsovranista.com\/index.php?rest_route=\/wp\/v2\/types\/post"}],"author":[{"embeddable":true,"href":"https:\/\/ilsovranista.com\/index.php?rest_route=\/wp\/v2\/users\/3"}],"replies":[{"embeddable":true,"href":"https:\/\/ilsovranista.com\/index.php?rest_route=%2Fwp%2Fv2%2Fcomments&post=2536"}],"version-history":[{"count":2,"href":"https:\/\/ilsovranista.com\/index.php?rest_route=\/wp\/v2\/posts\/2536\/revisions"}],"predecessor-version":[{"id":2549,"href":"https:\/\/ilsovranista.com\/index.php?rest_route=\/wp\/v2\/posts\/2536\/revisions\/2549"}],"wp:featuredmedia":[{"embeddable":true,"href":"https:\/\/ilsovranista.com\/index.php?rest_route=\/wp\/v2\/media\/2538"}],"wp:attachment":[{"href":"https:\/\/ilsovranista.com\/index.php?rest_route=%2Fwp%2Fv2%2Fmedia&parent=2536"}],"wp:term":[{"taxonomy":"category","embeddable":true,"href":"https:\/\/ilsovranista.com\/index.php?rest_route=%2Fwp%2Fv2%2Fcategories&post=2536"},{"taxonomy":"post_tag","embeddable":true,"href":"https:\/\/ilsovranista.com\/index.php?rest_route=%2Fwp%2Fv2%2Ftags&post=2536"}],"curies":[{"name":"wp","href":"https:\/\/api.w.org\/{rel}","templated":true}]}}