{"id":2431,"date":"2025-03-16T21:13:08","date_gmt":"2025-03-16T20:13:08","guid":{"rendered":"https:\/\/ilsovranista.com\/?p=2431"},"modified":"2025-03-16T21:13:08","modified_gmt":"2025-03-16T20:13:08","slug":"congresso-della-lega-in-sicilia-germana-lavoriamo-a-strutturare-il-partito-nellisola","status":"publish","type":"post","link":"https:\/\/ilsovranista.com\/?p=2431","title":{"rendered":"Congresso della Lega in Sicilia, German\u00e0: &#8220;lavoriamo a strutturare il partito nell&#8217;Isola&#8221;"},"content":{"rendered":"<p>Si \u00e8 tenuto ad Enna, venerd\u00ec scorso, il primo congresso regionale della <strong>Lega<\/strong> in <strong>Sicilia<\/strong>. La relazione introduttiva \u00e8 stata fatta dal commissario siciliano <strong>Nino German\u00e0.<\/strong> I lavori sono stati presieduti dal deputato nazionale Nicola Ottaviani, presenti tutti i deputati del partito all\u2019Assemblea regionale siciliana, Salvo Geraci, Luca Sammartino, Pippo Laccoto, Vincenzo Figuccia e Mimmo Turano, e l\u2019eurodeputato Raffaele Stancanelli. Hanno presenziato molti amministratori locali siciliani che hanno aderito al partito. Sono stati eletti i 16 delegati al congresso nazionale della Lega che si terr\u00e0 a Firenze il 5 e il 6 aprile prossimo. A questi si aggiungeranno i delegati di diritto: i parlamentari regionali, nazionali ed europei.<\/p>\n<p>Il senatore\u00a0<strong>Nino German\u00e0,\u00a0<\/strong>commissario regionale della Lega, nel corso del suo intervento ha dichiarato: &#8220;siamo in tanti e siamo forti, abbiamo davanti sfide importantissime per il governo dell\u2019Italia e della Sicilia. Siamo leali alleati di una coalizione che \u00e8 oggi maggioritaria nel Paese e che guida tante Regioni. In Sicilia lavoriamo con impegno alla strutturazione della Lega e questo cammino \u00e8 accompagnato da tantissimi iscritti e amministratori comunali. Siamo orgogliosi di chiedere il consenso per la Lega che sta mostrando grande interesse verso la nostra Regione con l\u2019impegno diretto del nostro leader Matteo Salvini su tante opere infrastrutturali\u201d.<\/p>\n","protected":false},"excerpt":{"rendered":"<p>Si \u00e8 tenuto ad Enna, venerd\u00ec scorso, il primo congresso regionale della Lega in Sicilia. La relazione introduttiva \u00e8 stata fatta dal commissario siciliano Nino German\u00e0. I lavori sono stati presieduti dal deputato nazionale Nicola Ottaviani, presenti tutti i deputati del partito all\u2019Assemblea regionale siciliana, Salvo Geraci, Luca Sammartino, Pippo Laccoto, Vincenzo Figuccia e Mimmo [&hellip;]<\/p>\n","protected":false},"author":3,"featured_media":2432,"comment_status":"open","ping_status":"closed","sticky":false,"template":"","format":"standard","meta":{"om_disable_all_campaigns":false,"_monsterinsights_skip_tracking":false,"_monsterinsights_sitenote_active":false,"_monsterinsights_sitenote_note":"","_monsterinsights_sitenote_category":0,"_uf_show_specific_survey":0,"_uf_disable_surveys":false,"footnotes":""},"categories":[36],"tags":[],"class_list":{"0":"post-2431","1":"post","2":"type-post","3":"status-publish","4":"format-standard","5":"has-post-thumbnail","7":"category-prima-i-territori"},"aioseo_notices":[],"_links":{"self":[{"href":"https:\/\/ilsovranista.com\/index.php?rest_route=\/wp\/v2\/posts\/2431","targetHints":{"allow":["GET"]}}],"collection":[{"href":"https:\/\/ilsovranista.com\/index.php?rest_route=\/wp\/v2\/posts"}],"about":[{"href":"https:\/\/ilsovranista.com\/index.php?rest_route=\/wp\/v2\/types\/post"}],"author":[{"embeddable":true,"href":"https:\/\/ilsovranista.com\/index.php?rest_route=\/wp\/v2\/users\/3"}],"replies":[{"embeddable":true,"href":"https:\/\/ilsovranista.com\/index.php?rest_route=%2Fwp%2Fv2%2Fcomments&post=2431"}],"version-history":[{"count":1,"href":"https:\/\/ilsovranista.com\/index.php?rest_route=\/wp\/v2\/posts\/2431\/revisions"}],"predecessor-version":[{"id":2433,"href":"https:\/\/ilsovranista.com\/index.php?rest_route=\/wp\/v2\/posts\/2431\/revisions\/2433"}],"wp:featuredmedia":[{"embeddable":true,"href":"https:\/\/ilsovranista.com\/index.php?rest_route=\/wp\/v2\/media\/2432"}],"wp:attachment":[{"href":"https:\/\/ilsovranista.com\/index.php?rest_route=%2Fwp%2Fv2%2Fmedia&parent=2431"}],"wp:term":[{"taxonomy":"category","embeddable":true,"href":"https:\/\/ilsovranista.com\/index.php?rest_route=%2Fwp%2Fv2%2Fcategories&post=2431"},{"taxonomy":"post_tag","embeddable":true,"href":"https:\/\/ilsovranista.com\/index.php?rest_route=%2Fwp%2Fv2%2Ftags&post=2431"}],"curies":[{"name":"wp","href":"https:\/\/api.w.org\/{rel}","templated":true}]}}