{"id":2417,"date":"2025-03-16T19:21:29","date_gmt":"2025-03-16T18:21:29","guid":{"rendered":"https:\/\/ilsovranista.com\/?p=2417"},"modified":"2025-03-16T19:21:29","modified_gmt":"2025-03-16T18:21:29","slug":"dal-movimento-salento-alla-lega-lultimo-approdo-del-consigliere-russo","status":"publish","type":"post","link":"https:\/\/ilsovranista.com\/?p=2417","title":{"rendered":"Dal Movimento Salento alla Lega: l&#8217;ultimo approdo del consigliere Russo"},"content":{"rendered":"<p data-start=\"304\" data-end=\"552\">Nuovi equilibri nel panorama politico cittadino leccese: il consigliere comunale <strong>Roberto Russo<\/strong> ha ufficializzato la sua adesione alla<strong> Lega<\/strong>, prendendo le distanze da Paolo Pagliaro e dalla sua recente decisione di confluire in Fratelli d\u2019Italia.<\/p>\n<p data-start=\"554\" data-end=\"883\">La scelta di Russo arriva in seguito\u00a0<strong data-start=\"591\" data-end=\"642\">allo scioglimento del Movimento Regione Salento<\/strong>, formazione con la quale aveva intrapreso il suo percorso amministrativo. Con il suo ingresso nel partito guidato a livello nazionale da\u00a0<strong data-start=\"780\" data-end=\"798\">Matteo Salvini<\/strong>, la Lega rafforza ulteriormente la propria presenza a Lecce e nel resto del Salento.<\/p>\n<p data-start=\"885\" data-end=\"1112\">\u201cLa mia \u00e8 una scelta consapevole e orientata all\u2019azione concreta \u2013 ha dichiarato <strong>Russo<\/strong> \u2013 perch\u00e9 credo in una politica capace di ascoltare i bisogni dei cittadini e di dare risposte tempestive alle esigenze dei territori\u201d.<\/p>\n<p data-start=\"1114\" data-end=\"1379\">Parole che hanno trovato\u00a0pieno apprezzamento da parte del vertice nazionale del partito, con\u00a0Matteo Salvini in persona che ha accolto con entusiasmo il nuovo ingresso, affiancato dal\u00a0senatore <strong>Roberto Marti<\/strong>, coordinatore regionale della Lega in Puglia.<\/p>\n<p data-start=\"1381\" data-end=\"1664\"><strong data-start=\"1381\" data-end=\"1661\">\u201cRoberto Russo<\/strong> \u00e8 una risorsa di valore \u2013 ha sottolineato <strong>Marti<\/strong> \u2013 il suo radicamento sul territorio leccese \u00e8 un elemento fondamentale per il nostro progetto politico. Sono certo che, oltre al ruolo di consigliere, sapr\u00e0 dare un contributo strategico alla guida del partito in citt\u00e0\u201d.<\/p>\n<p data-start=\"1666\" data-end=\"2054\">\n","protected":false},"excerpt":{"rendered":"<p>Nuovi equilibri nel panorama politico cittadino leccese: il consigliere comunale Roberto Russo ha ufficializzato la sua adesione alla Lega, prendendo le distanze da Paolo Pagliaro e dalla sua recente decisione di confluire in Fratelli d\u2019Italia. La scelta di Russo arriva in seguito\u00a0allo scioglimento del Movimento Regione Salento, formazione con la quale aveva intrapreso il suo [&hellip;]<\/p>\n","protected":false},"author":3,"featured_media":2418,"comment_status":"open","ping_status":"closed","sticky":false,"template":"","format":"standard","meta":{"om_disable_all_campaigns":false,"_monsterinsights_skip_tracking":false,"_monsterinsights_sitenote_active":false,"_monsterinsights_sitenote_note":"","_monsterinsights_sitenote_category":0,"_uf_show_specific_survey":0,"_uf_disable_surveys":false,"footnotes":""},"categories":[36],"tags":[],"class_list":{"0":"post-2417","1":"post","2":"type-post","3":"status-publish","4":"format-standard","5":"has-post-thumbnail","7":"category-prima-i-territori"},"aioseo_notices":[],"_links":{"self":[{"href":"https:\/\/ilsovranista.com\/index.php?rest_route=\/wp\/v2\/posts\/2417","targetHints":{"allow":["GET"]}}],"collection":[{"href":"https:\/\/ilsovranista.com\/index.php?rest_route=\/wp\/v2\/posts"}],"about":[{"href":"https:\/\/ilsovranista.com\/index.php?rest_route=\/wp\/v2\/types\/post"}],"author":[{"embeddable":true,"href":"https:\/\/ilsovranista.com\/index.php?rest_route=\/wp\/v2\/users\/3"}],"replies":[{"embeddable":true,"href":"https:\/\/ilsovranista.com\/index.php?rest_route=%2Fwp%2Fv2%2Fcomments&post=2417"}],"version-history":[{"count":1,"href":"https:\/\/ilsovranista.com\/index.php?rest_route=\/wp\/v2\/posts\/2417\/revisions"}],"predecessor-version":[{"id":2419,"href":"https:\/\/ilsovranista.com\/index.php?rest_route=\/wp\/v2\/posts\/2417\/revisions\/2419"}],"wp:featuredmedia":[{"embeddable":true,"href":"https:\/\/ilsovranista.com\/index.php?rest_route=\/wp\/v2\/media\/2418"}],"wp:attachment":[{"href":"https:\/\/ilsovranista.com\/index.php?rest_route=%2Fwp%2Fv2%2Fmedia&parent=2417"}],"wp:term":[{"taxonomy":"category","embeddable":true,"href":"https:\/\/ilsovranista.com\/index.php?rest_route=%2Fwp%2Fv2%2Fcategories&post=2417"},{"taxonomy":"post_tag","embeddable":true,"href":"https:\/\/ilsovranista.com\/index.php?rest_route=%2Fwp%2Fv2%2Ftags&post=2417"}],"curies":[{"name":"wp","href":"https:\/\/api.w.org\/{rel}","templated":true}]}}