{"id":2414,"date":"2025-03-16T19:17:21","date_gmt":"2025-03-16T18:17:21","guid":{"rendered":"https:\/\/ilsovranista.com\/?p=2414"},"modified":"2025-03-16T19:17:21","modified_gmt":"2025-03-16T18:17:21","slug":"il-congresso-della-lega-e-la-variabile-vannacci","status":"publish","type":"post","link":"https:\/\/ilsovranista.com\/?p=2414","title":{"rendered":"Il congresso della Lega e la variabile Vannacci"},"content":{"rendered":"<p>Fonte L&#8217;Espresso<\/p>\n<p>A meno di colpi di scena dell\u2019ultimo minuto, il congresso leghista di Firenze si trasformer\u00e0 in una pura formalit\u00e0: <strong>Matteo Salvini\u00a0<\/strong>sar\u00e0 riconfermato segretario per acclamazione. Un passaggio scontato che, per\u00f2, non entusiasma tutti dentro al partito. A storcere il naso sono soprattutto i veneti fedeli a<strong>\u00a0Luca Zaia<\/strong>, per i quali questo congresso \u00e8 poco pi\u00f9 di una perdita di tempo. Con \u201cVinitaly\u201d in corso, la priorit\u00e0 per loro sarebbe stata restare a Verona, tra incontri istituzionali e degustazioni con i produttori. \u00abCi fanno venire a Firenze per ratificare una decisione gi\u00e0 scritta\u00bb, borbotta un esponente veneto, sintetizzando il malumore diffuso.<\/p>\n<p>Ma a preoccupare davvero il quartier generale leghista non \u00e8 tanto il disinteresse dei veneti, quanto la mina vagante rappresentata da <strong>Roberto Vannacci.<\/strong>\u00a0Il generale outsider, che ha gi\u00e0 creato pi\u00f9 di un grattacapo alla leadership di Salvini, \u00e8 particolarmente insidioso in Toscana, dove ha un seguito inatteso. Alcuni militanti lo vedono come un\u2019alternativa pi\u00f9 radicale e identitaria, rispetto alla linea governista imposta dal segretario. Il rischio \u00e8 che la sua presenza possa agitare le acque proprio nel giorno in cui Salvini vorrebbe mostrare un partito compatto. Per ora Vannacci resta defilato, ma basterebbe una sua dichiarazione fuori posto per fare saltare l\u2019equilibrio precario. Anche perch\u00e9 nella Lega in molti, pur senza esporsi, guardano con interesse alle sue mosse.<\/p>\n<p>&nbsp;<\/p>\n<p>&nbsp;<\/p>\n<p>Dietro alle dichiarazioni ufficiali sulla sicurezza europea, nei palazzi di Bruxelles cresce la preoccupazione: in caso di un conflitto grave, l\u2019Ue non sarebbe in grado di spostare rapidamente le sue truppe. Il quadro che emerge da una relazione della Corte dei Conti europea \u00e8 impietoso: mancanza di fondi, scelte strategiche discutibili e infrastrutture inadeguate rischiano di paralizzare la mobilit\u00e0 militare europea. Quando nel novembre 2022 l\u2019Ue adott\u00f2 il nuovo piano di mobilit\u00e0 militare, l\u2019obiettivo era chiaro: migliorare strade, ponti e ferrovie per permettere un rapido dispiegamento delle forze armate. Ma qualcosa \u00e8 andato storto.<\/p>\n<p>&nbsp;<\/p>\n<p>&nbsp;<\/p>\n<p>La Commissione europea non ha effettuato un\u2019adeguata valutazione delle esigenze prima di destinare i fondi e il risultato \u00e8 stato un rapido esaurimento del budget di 1,7 miliardi di euro, senza che le infrastrutture chiave venissero potenziate. A complicare le cose ci si \u00e8 messa la macchina burocratica. I fondi sono stati assegnati senza una chiara definizione delle priorit\u00e0 strategiche, portando a situazioni assurde: in un caso, mezzi pesanti sono stati costretti a cambiare percorso per evitare il crollo di un ponte che non era stato adeguatamente rinforzato. Secondo fonti interne a Bruxelles, alcuni Stati membri si sarebbero lamentati in privato con la Commissione per la lentezza dei progetti e per la mancanza di una strategia unitaria. Ora, il lancio del nuovo programma ReArm Europe che punta a rafforzare la produzione e la logistica militare. Ma senza un cambio di passo nella gestione delle risorse e nella pianificazione strategica, anche questo piano potrebbe restare un\u2019operazione di facciata.<\/p>\n","protected":false},"excerpt":{"rendered":"<p>Fonte L&#8217;Espresso A meno di colpi di scena dell\u2019ultimo minuto, il congresso leghista di Firenze si trasformer\u00e0 in una pura formalit\u00e0: Matteo Salvini\u00a0sar\u00e0 riconfermato segretario per acclamazione. Un passaggio scontato che, per\u00f2, non entusiasma tutti dentro al partito. A storcere il naso sono soprattutto i veneti fedeli a\u00a0Luca Zaia, per i quali questo congresso \u00e8 [&hellip;]<\/p>\n","protected":false},"author":3,"featured_media":2415,"comment_status":"open","ping_status":"closed","sticky":false,"template":"","format":"standard","meta":{"om_disable_all_campaigns":false,"_monsterinsights_skip_tracking":false,"_monsterinsights_sitenote_active":false,"_monsterinsights_sitenote_note":"","_monsterinsights_sitenote_category":0,"_uf_show_specific_survey":0,"_uf_disable_surveys":false,"footnotes":""},"categories":[33],"tags":[],"class_list":{"0":"post-2414","1":"post","2":"type-post","3":"status-publish","4":"format-standard","5":"has-post-thumbnail","7":"category-politica"},"aioseo_notices":[],"_links":{"self":[{"href":"https:\/\/ilsovranista.com\/index.php?rest_route=\/wp\/v2\/posts\/2414","targetHints":{"allow":["GET"]}}],"collection":[{"href":"https:\/\/ilsovranista.com\/index.php?rest_route=\/wp\/v2\/posts"}],"about":[{"href":"https:\/\/ilsovranista.com\/index.php?rest_route=\/wp\/v2\/types\/post"}],"author":[{"embeddable":true,"href":"https:\/\/ilsovranista.com\/index.php?rest_route=\/wp\/v2\/users\/3"}],"replies":[{"embeddable":true,"href":"https:\/\/ilsovranista.com\/index.php?rest_route=%2Fwp%2Fv2%2Fcomments&post=2414"}],"version-history":[{"count":1,"href":"https:\/\/ilsovranista.com\/index.php?rest_route=\/wp\/v2\/posts\/2414\/revisions"}],"predecessor-version":[{"id":2416,"href":"https:\/\/ilsovranista.com\/index.php?rest_route=\/wp\/v2\/posts\/2414\/revisions\/2416"}],"wp:featuredmedia":[{"embeddable":true,"href":"https:\/\/ilsovranista.com\/index.php?rest_route=\/wp\/v2\/media\/2415"}],"wp:attachment":[{"href":"https:\/\/ilsovranista.com\/index.php?rest_route=%2Fwp%2Fv2%2Fmedia&parent=2414"}],"wp:term":[{"taxonomy":"category","embeddable":true,"href":"https:\/\/ilsovranista.com\/index.php?rest_route=%2Fwp%2Fv2%2Fcategories&post=2414"},{"taxonomy":"post_tag","embeddable":true,"href":"https:\/\/ilsovranista.com\/index.php?rest_route=%2Fwp%2Fv2%2Ftags&post=2414"}],"curies":[{"name":"wp","href":"https:\/\/api.w.org\/{rel}","templated":true}]}}