{"id":2391,"date":"2025-03-14T04:59:59","date_gmt":"2025-03-14T03:59:59","guid":{"rendered":"https:\/\/ilsovranista.com\/?p=2391"},"modified":"2025-03-14T05:00:54","modified_gmt":"2025-03-14T04:00:54","slug":"campi-flegrei-nappi-lega-governo-si-fa-trovare-pronto-ora-la-regione-faccia-la-sua-parte","status":"publish","type":"post","link":"https:\/\/ilsovranista.com\/?p=2391","title":{"rendered":"Campi Flegrei, Nappi (Lega): Governo si fa trovare pronto. Ora la Regione faccia la sua parte"},"content":{"rendered":"<p>\u201cSullo stato di mobilitazione nazionale per i Campi Flegrei la risposta del Governo \u00e8 stata tempestiva come sempre, quando si deve far fronte a una criticit\u00e0. Niente panico n\u00e9 allarmismo, come ha fatto bene a sottolineare il ministro Musumeci, ma l\u2019attenzione deve essere massima e il monitoraggio continuo e costante. Adesso anche la Regione si faccia trovare pronta e faccia la sua parte aiutando e coordinando i Comuni nell\u2019organizzazione di una task force che, prima di tutto, verifichi e valuti la staticit\u00e0 degli edifici\u201d. Lo dichiara <strong>Severino Nappi<\/strong>, capogruppo della <strong>Lega<\/strong> nel Consiglio regionale della Campania.<\/p>\n","protected":false},"excerpt":{"rendered":"<p>\u201cSullo stato di mobilitazione nazionale per i Campi Flegrei la risposta del Governo \u00e8 stata tempestiva come sempre, quando si deve far fronte a una criticit\u00e0. Niente panico n\u00e9 allarmismo, come ha fatto bene a sottolineare il ministro Musumeci, ma l\u2019attenzione deve essere massima e il monitoraggio continuo e costante. Adesso anche la Regione si [&hellip;]<\/p>\n","protected":false},"author":3,"featured_media":2385,"comment_status":"open","ping_status":"closed","sticky":false,"template":"","format":"standard","meta":{"om_disable_all_campaigns":false,"_monsterinsights_skip_tracking":false,"_monsterinsights_sitenote_active":false,"_monsterinsights_sitenote_note":"","_monsterinsights_sitenote_category":0,"_uf_show_specific_survey":0,"_uf_disable_surveys":false,"footnotes":""},"categories":[36],"tags":[],"class_list":{"0":"post-2391","1":"post","2":"type-post","3":"status-publish","4":"format-standard","5":"has-post-thumbnail","7":"category-prima-i-territori"},"aioseo_notices":[],"_links":{"self":[{"href":"https:\/\/ilsovranista.com\/index.php?rest_route=\/wp\/v2\/posts\/2391","targetHints":{"allow":["GET"]}}],"collection":[{"href":"https:\/\/ilsovranista.com\/index.php?rest_route=\/wp\/v2\/posts"}],"about":[{"href":"https:\/\/ilsovranista.com\/index.php?rest_route=\/wp\/v2\/types\/post"}],"author":[{"embeddable":true,"href":"https:\/\/ilsovranista.com\/index.php?rest_route=\/wp\/v2\/users\/3"}],"replies":[{"embeddable":true,"href":"https:\/\/ilsovranista.com\/index.php?rest_route=%2Fwp%2Fv2%2Fcomments&post=2391"}],"version-history":[{"count":1,"href":"https:\/\/ilsovranista.com\/index.php?rest_route=\/wp\/v2\/posts\/2391\/revisions"}],"predecessor-version":[{"id":2392,"href":"https:\/\/ilsovranista.com\/index.php?rest_route=\/wp\/v2\/posts\/2391\/revisions\/2392"}],"wp:featuredmedia":[{"embeddable":true,"href":"https:\/\/ilsovranista.com\/index.php?rest_route=\/wp\/v2\/media\/2385"}],"wp:attachment":[{"href":"https:\/\/ilsovranista.com\/index.php?rest_route=%2Fwp%2Fv2%2Fmedia&parent=2391"}],"wp:term":[{"taxonomy":"category","embeddable":true,"href":"https:\/\/ilsovranista.com\/index.php?rest_route=%2Fwp%2Fv2%2Fcategories&post=2391"},{"taxonomy":"post_tag","embeddable":true,"href":"https:\/\/ilsovranista.com\/index.php?rest_route=%2Fwp%2Fv2%2Ftags&post=2391"}],"curies":[{"name":"wp","href":"https:\/\/api.w.org\/{rel}","templated":true}]}}