{"id":2365,"date":"2025-03-13T09:37:04","date_gmt":"2025-03-13T08:37:04","guid":{"rendered":"https:\/\/ilsovranista.com\/?p=2365"},"modified":"2025-03-13T09:37:04","modified_gmt":"2025-03-13T08:37:04","slug":"contro-degrado-e-mafia-antifascista-in-piazza-casapound-sabato-corteo-a-padova","status":"publish","type":"post","link":"https:\/\/ilsovranista.com\/?p=2365","title":{"rendered":"Contro degrado e &#8220;mafia antifascista&#8221;  in piazza CasaPound. Sabato corteo a Padova"},"content":{"rendered":"<p><strong>Non possono esistere citt\u00e0 ostaggio di centri sociali\u00a0<\/strong>e dove, nonostante il degrado, la priorit\u00e0 di chi ricopre cariche istituzionali resta la rivendicazione di uno stantio antifascismo. Per questo sabato 15 marzo manifesteremo a Padova\u201d. Lo ha annunciato oggi <strong>CasaPound Italia<\/strong> in una nota.<\/p>\n<p>\u201cDopo l\u2019aggressione subita da 4 nostri militanti due settimane fa in Prato della Valle, compiuta con la sicurezza di una spropositata superiorit\u00e0 numerica da 30 attivisti del centro sociale Pedro, quello che \u00e8 accaduto \u00e8 surreale:\u00a0<strong>aggressori subito rilasciati su ordine della magistratura, ampio spazio sui giornali al centro sociale, a cui appena una settimana dopo \u00e8 stata concessa una sala pubblica\u00a0<\/strong>per un evento al quale hanno partecipato diversi consiglieri comunali e figure istituzionali. Non c\u2019\u00e8 altro termine per definire questa connivenza, che non pu\u00f2 essere pi\u00f9 tollerata, se non \u2018mafia antifascista\u2019\u201d.<\/p>\n<p>\u201cEd \u00e8 proprio contro la \u2018mafia antifascista\u2019 e contro il degrado di Padova, che invitiamo cittadini, associazioni e movimenti a scendere in piazza il 15 marzo in quello che vogliamo sia un corteo trasversale e partecipato, affinch\u00e9 possa essere lanciato un chiaro segnale a chi pensa di essere il padrone della citt\u00e0\u201d.<\/p>\n","protected":false},"excerpt":{"rendered":"<p>Non possono esistere citt\u00e0 ostaggio di centri sociali\u00a0e dove, nonostante il degrado, la priorit\u00e0 di chi ricopre cariche istituzionali resta la rivendicazione di uno stantio antifascismo. Per questo sabato 15 marzo manifesteremo a Padova\u201d. Lo ha annunciato oggi CasaPound Italia in una nota. \u201cDopo l\u2019aggressione subita da 4 nostri militanti due settimane fa in Prato [&hellip;]<\/p>\n","protected":false},"author":3,"featured_media":2367,"comment_status":"open","ping_status":"closed","sticky":false,"template":"","format":"standard","meta":{"om_disable_all_campaigns":false,"_monsterinsights_skip_tracking":false,"_monsterinsights_sitenote_active":false,"_monsterinsights_sitenote_note":"","_monsterinsights_sitenote_category":0,"_uf_show_specific_survey":0,"_uf_disable_surveys":false,"footnotes":""},"categories":[33],"tags":[],"class_list":{"0":"post-2365","1":"post","2":"type-post","3":"status-publish","4":"format-standard","5":"has-post-thumbnail","7":"category-politica"},"aioseo_notices":[],"_links":{"self":[{"href":"https:\/\/ilsovranista.com\/index.php?rest_route=\/wp\/v2\/posts\/2365","targetHints":{"allow":["GET"]}}],"collection":[{"href":"https:\/\/ilsovranista.com\/index.php?rest_route=\/wp\/v2\/posts"}],"about":[{"href":"https:\/\/ilsovranista.com\/index.php?rest_route=\/wp\/v2\/types\/post"}],"author":[{"embeddable":true,"href":"https:\/\/ilsovranista.com\/index.php?rest_route=\/wp\/v2\/users\/3"}],"replies":[{"embeddable":true,"href":"https:\/\/ilsovranista.com\/index.php?rest_route=%2Fwp%2Fv2%2Fcomments&post=2365"}],"version-history":[{"count":1,"href":"https:\/\/ilsovranista.com\/index.php?rest_route=\/wp\/v2\/posts\/2365\/revisions"}],"predecessor-version":[{"id":2368,"href":"https:\/\/ilsovranista.com\/index.php?rest_route=\/wp\/v2\/posts\/2365\/revisions\/2368"}],"wp:featuredmedia":[{"embeddable":true,"href":"https:\/\/ilsovranista.com\/index.php?rest_route=\/wp\/v2\/media\/2367"}],"wp:attachment":[{"href":"https:\/\/ilsovranista.com\/index.php?rest_route=%2Fwp%2Fv2%2Fmedia&parent=2365"}],"wp:term":[{"taxonomy":"category","embeddable":true,"href":"https:\/\/ilsovranista.com\/index.php?rest_route=%2Fwp%2Fv2%2Fcategories&post=2365"},{"taxonomy":"post_tag","embeddable":true,"href":"https:\/\/ilsovranista.com\/index.php?rest_route=%2Fwp%2Fv2%2Ftags&post=2365"}],"curies":[{"name":"wp","href":"https:\/\/api.w.org\/{rel}","templated":true}]}}